{"id":1209,"date":"2020-07-18T14:32:55","date_gmt":"2020-07-18T18:32:55","guid":{"rendered":"https:\/\/elpueblo.com.do\/?p=1209"},"modified":"2020-07-18T14:32:59","modified_gmt":"2020-07-18T18:32:59","slug":"dr-ivan-silva-habla-sobre-situacion-del-covid-19-en-la-romana-y-como-enfrentarlo","status":"publish","type":"post","link":"https:\/\/elpueblo.com.do\/actualidad\/dr-ivan-silva-habla-sobre-situacion-del-covid-19-en-la-romana-y-como-enfrentarlo\/1209\/","title":{"rendered":"Dr Iv\u00e1n Silva habla sobre situaci\u00f3n del Covid 19 en La Romana y como enfrentarlo"},"content":{"rendered":"\n<p>La Romana &#8211; El Dr Iv\u00e1n Silva habl\u00f3 este fin de semana sobre la situaci\u00f3n del Coronavirus en esta provincia enfermedad que cada d\u00eda van incrementando los casos.<\/p>\n\n\n\n<p>El senador electo por dicha demarcaci\u00f3n en los comicios electorales del 5 de julio est\u00e1 armando un plan de trabajo para que en La Romana se disminuya la pandemia que en los \u00faltimos d\u00edas han aumentado los casos en todo el pa\u00eds .<img decoding=\"async\" width=\"150\" height=\"201\" class=\"wp-image-1210 lazyload\" style=\"--smush-placeholder-width: 150px; --smush-placeholder-aspect-ratio: 150\/201;width: 150px;\" data-src=\"https:\/\/elpueblo.com.do\/archivos\/2020\/07\/IMG-20200718-WA0035.jpg\" alt=\"\" data-srcset=\"https:\/\/elpueblo.com.do\/archivos\/2020\/07\/IMG-20200718-WA0035.jpg 955w, https:\/\/elpueblo.com.do\/sources\/smush-webp\/2020\/07\/IMG-20200718-WA0035-224x300.jpg.webp 224w, https:\/\/elpueblo.com.do\/archivos\/2020\/07\/IMG-20200718-WA0035-764x1024.jpg 764w, https:\/\/elpueblo.com.do\/sources\/smush-webp\/2020\/07\/IMG-20200718-WA0035-768x1029.jpg.webp 768w, https:\/\/elpueblo.com.do\/sources\/smush-webp\/2020\/07\/IMG-20200718-WA0035-696x933.jpg.webp 696w, https:\/\/elpueblo.com.do\/sources\/smush-webp\/2020\/07\/IMG-20200718-WA0035-313x420.jpg.webp 313w\" data-sizes=\"(max-width: 150px) 100vw, 150px\" src=\"data:image\/svg+xml;base64,PHN2ZyB3aWR0aD0iMSIgaGVpZ2h0PSIxIiB4bWxucz0iaHR0cDovL3d3dy53My5vcmcvMjAwMC9zdmciPjwvc3ZnPg==\" data-smush-webp-fallback=\"{&quot;data-srcset&quot;:&quot;https:\\\/\\\/elpueblo.com.do\\\/wp-content\\\/uploads\\\/2020\\\/07\\\/IMG-20200718-WA0035.jpg 955w, https:\\\/\\\/elpueblo.com.do\\\/wp-content\\\/uploads\\\/2020\\\/07\\\/IMG-20200718-WA0035-224x300.jpg 224w, https:\\\/\\\/elpueblo.com.do\\\/wp-content\\\/uploads\\\/2020\\\/07\\\/IMG-20200718-WA0035-764x1024.jpg 764w, https:\\\/\\\/elpueblo.com.do\\\/wp-content\\\/uploads\\\/2020\\\/07\\\/IMG-20200718-WA0035-768x1029.jpg 768w, https:\\\/\\\/elpueblo.com.do\\\/wp-content\\\/uploads\\\/2020\\\/07\\\/IMG-20200718-WA0035-696x933.jpg 696w, https:\\\/\\\/elpueblo.com.do\\\/wp-content\\\/uploads\\\/2020\\\/07\\\/IMG-20200718-WA0035-313x420.jpg 313w&quot;}\" \/><\/p>\n\n\n\n<p>El galeno tiene como sugerencia que la cuarentena se haga de manera sistem\u00e1tica y sectorial poniendo como ejemplo unos de los sectores m\u00e1s populosos de la ciudad, Villa Verde.<\/p>\n\n\n\n<p>\u201cTomar muestras l\u00f3gica en diferentes sectores de la provincia La Romana vamos a distribuir alimentos y al mismo tiempo facilitaremos las ayudas de lugar para que las personas se mantengan en sus hogares y de esta forma poder combatir el Covid 19 enfermedad que afecta a todo el globo terr\u00e1queo\u201d. Puntualiz\u00f3 Silva en rueda de prensa.<\/p>\n\n\n\n<p>El legislador del Partido Revolucionario Moderno (PRM), le preocupa la situaci\u00f3n y trabajar\u00e1 en conjunto con las principales autoridades de salud para que el sistema sanitario de su provincia natal pueda mejorar y por tal motivo se encuentra inmerso en crear varias estrategias junto a un equipo de profesionales de la medicina para apoyar a todos los mun\u00edcipes de la provincia.<\/p>\n\n\n\n<p>Silva, quien tiene buenas relaciones con diferentes universidades de Los Estados Unidos, piensa traer medicamentos preventivos , vacunas entre otros insumos para poder apoyar a personas que est\u00e1n infectadas con el Covid 19.<\/p>\n","protected":false},"excerpt":{"rendered":"<p>La Romana &#8211; El Dr Iv\u00e1n Silva habl\u00f3 este fin de semana sobre la situaci\u00f3n del Coronavirus en esta provincia enfermedad que cada d\u00eda van incrementando los casos. El senador electo por dicha demarcaci\u00f3n en los comicios electorales del 5 de julio est\u00e1 armando un plan de trabajo para que en La Romana se disminuya [&hellip;]<\/p>\n","protected":false},"author":2,"featured_media":1211,"comment_status":"open","ping_status":"open","sticky":true,"template":"","format":"standard","meta":{"footnotes":""},"categories":[32,34,37],"tags":[],"class_list":{"0":"post-1209","1":"post","2":"type-post","3":"status-publish","4":"format-standard","5":"has-post-thumbnail","7":"category-actualidad","8":"category-politica","9":"category-salud"},"_links":{"self":[{"href":"https:\/\/elpueblo.com.do\/api-json\/wp\/v2\/posts\/1209","targetHints":{"allow":["GET"]}}],"collection":[{"href":"https:\/\/elpueblo.com.do\/api-json\/wp\/v2\/posts"}],"about":[{"href":"https:\/\/elpueblo.com.do\/api-json\/wp\/v2\/types\/post"}],"author":[{"embeddable":true,"href":"https:\/\/elpueblo.com.do\/api-json\/wp\/v2\/users\/2"}],"replies":[{"embeddable":true,"href":"https:\/\/elpueblo.com.do\/api-json\/wp\/v2\/comments?post=1209"}],"version-history":[{"count":0,"href":"https:\/\/elpueblo.com.do\/api-json\/wp\/v2\/posts\/1209\/revisions"}],"wp:featuredmedia":[{"embeddable":true,"href":"https:\/\/elpueblo.com.do\/api-json\/wp\/v2\/media\/1211"}],"wp:attachment":[{"href":"https:\/\/elpueblo.com.do\/api-json\/wp\/v2\/media?parent=1209"}],"wp:term":[{"taxonomy":"category","embeddable":true,"href":"https:\/\/elpueblo.com.do\/api-json\/wp\/v2\/categories?post=1209"},{"taxonomy":"post_tag","embeddable":true,"href":"https:\/\/elpueblo.com.do\/api-json\/wp\/v2\/tags?post=1209"}],"curies":[{"name":"wp","href":"https:\/\/api.w.org\/{rel}","templated":true}]}}