{"id":1199,"date":"2020-07-10T21:48:39","date_gmt":"2020-07-11T01:48:39","guid":{"rendered":"https:\/\/elpueblo.com.do\/?p=1199"},"modified":"2020-07-10T21:48:43","modified_gmt":"2020-07-11T01:48:43","slug":"luisabinader-designara-a-lisandro-macarrulla-como-ministro-de-la-presidencia","status":"publish","type":"post","link":"https:\/\/elpueblo.com.do\/actualidad\/luisabinader-designara-a-lisandro-macarrulla-como-ministro-de-la-presidencia\/1199\/","title":{"rendered":"LuisAbinader  designar\u00e1 a Lisandro Macarrulla como Ministro de la Presidencia"},"content":{"rendered":"\n<p>Lisandro Macarrulla como Ministro de la Presidencia<\/p>\n\n\n\n<p>Se designar\u00e1 al Sr. Lisandro Macarrulla (@lmacarrulla1) como Ministro de la Presidencia de la Rep\u00fablica Dominicana, quien ya est\u00e1 coordinando la comisi\u00f3n t\u00e9cnica de transici\u00f3n gubernamental.<\/p>\n","protected":false},"excerpt":{"rendered":"<p>Lisandro Macarrulla como Ministro de la Presidencia Se designar\u00e1 al Sr. Lisandro Macarrulla (@lmacarrulla1) como Ministro de la Presidencia de la Rep\u00fablica Dominicana, quien ya est\u00e1 coordinando la comisi\u00f3n t\u00e9cnica de transici\u00f3n gubernamental.<\/p>\n","protected":false},"author":2,"featured_media":1200,"comment_status":"open","ping_status":"open","sticky":true,"template":"","format":"standard","meta":{"footnotes":""},"categories":[32,34],"tags":[],"class_list":{"0":"post-1199","1":"post","2":"type-post","3":"status-publish","4":"format-standard","5":"has-post-thumbnail","7":"category-actualidad","8":"category-politica"},"_links":{"self":[{"href":"https:\/\/elpueblo.com.do\/api-json\/wp\/v2\/posts\/1199","targetHints":{"allow":["GET"]}}],"collection":[{"href":"https:\/\/elpueblo.com.do\/api-json\/wp\/v2\/posts"}],"about":[{"href":"https:\/\/elpueblo.com.do\/api-json\/wp\/v2\/types\/post"}],"author":[{"embeddable":true,"href":"https:\/\/elpueblo.com.do\/api-json\/wp\/v2\/users\/2"}],"replies":[{"embeddable":true,"href":"https:\/\/elpueblo.com.do\/api-json\/wp\/v2\/comments?post=1199"}],"version-history":[{"count":0,"href":"https:\/\/elpueblo.com.do\/api-json\/wp\/v2\/posts\/1199\/revisions"}],"wp:featuredmedia":[{"embeddable":true,"href":"https:\/\/elpueblo.com.do\/api-json\/wp\/v2\/media\/1200"}],"wp:attachment":[{"href":"https:\/\/elpueblo.com.do\/api-json\/wp\/v2\/media?parent=1199"}],"wp:term":[{"taxonomy":"category","embeddable":true,"href":"https:\/\/elpueblo.com.do\/api-json\/wp\/v2\/categories?post=1199"},{"taxonomy":"post_tag","embeddable":true,"href":"https:\/\/elpueblo.com.do\/api-json\/wp\/v2\/tags?post=1199"}],"curies":[{"name":"wp","href":"https:\/\/api.w.org\/{rel}","templated":true}]}}