{"id":1196,"date":"2020-07-10T21:42:32","date_gmt":"2020-07-11T01:42:32","guid":{"rendered":"https:\/\/elpueblo.com.do\/?p=1196"},"modified":"2020-07-10T21:42:36","modified_gmt":"2020-07-11T01:42:36","slug":"desiganciones-luis-abinader-presidente-electo-2020-2024-roberto-fulcar-ministro-educacion","status":"publish","type":"post","link":"https:\/\/elpueblo.com.do\/actualidad\/desiganciones-luis-abinader-presidente-electo-2020-2024-roberto-fulcar-ministro-educacion\/1196\/","title":{"rendered":"Desiganciones Luis Abinader, presidente electo 2020-2024 Roberto Fulcar Ministro Educaci\u00f3n"},"content":{"rendered":"\n<p>Santo Domingo, RD.- Roberto Fulcar ser\u00e1 el nuevo ministro de Educaci\u00f3n del pa\u00eds, seg\u00fan anunci\u00f3 esta tarde el presidente electo Luis Abinader, en su cuenta en la red social Twitter.<\/p>\n\n\n\n<p>Se designar\u00e1 al Dr. Roberto Fulcar (@RobertoFulcar), Ministro de Educaci\u00f3n, para que inmediatamente se integre al equipo de transici\u00f3n de esa \u00e1rea, y trabajar con las actuales autoridades, para el inicio del a\u00f1o escolar.<\/p>\n","protected":false},"excerpt":{"rendered":"<p>Santo Domingo, RD.- Roberto Fulcar ser\u00e1 el nuevo ministro de Educaci\u00f3n del pa\u00eds, seg\u00fan anunci\u00f3 esta tarde el presidente electo Luis Abinader, en su cuenta en la red social Twitter. Se designar\u00e1 al Dr. Roberto Fulcar (@RobertoFulcar), Ministro de Educaci\u00f3n, para que inmediatamente se integre al equipo de transici\u00f3n de esa \u00e1rea, y trabajar con [&hellip;]<\/p>\n","protected":false},"author":2,"featured_media":1197,"comment_status":"open","ping_status":"open","sticky":true,"template":"","format":"standard","meta":{"footnotes":""},"categories":[32,34],"tags":[],"class_list":{"0":"post-1196","1":"post","2":"type-post","3":"status-publish","4":"format-standard","5":"has-post-thumbnail","7":"category-actualidad","8":"category-politica"},"_links":{"self":[{"href":"https:\/\/elpueblo.com.do\/api-json\/wp\/v2\/posts\/1196","targetHints":{"allow":["GET"]}}],"collection":[{"href":"https:\/\/elpueblo.com.do\/api-json\/wp\/v2\/posts"}],"about":[{"href":"https:\/\/elpueblo.com.do\/api-json\/wp\/v2\/types\/post"}],"author":[{"embeddable":true,"href":"https:\/\/elpueblo.com.do\/api-json\/wp\/v2\/users\/2"}],"replies":[{"embeddable":true,"href":"https:\/\/elpueblo.com.do\/api-json\/wp\/v2\/comments?post=1196"}],"version-history":[{"count":0,"href":"https:\/\/elpueblo.com.do\/api-json\/wp\/v2\/posts\/1196\/revisions"}],"wp:featuredmedia":[{"embeddable":true,"href":"https:\/\/elpueblo.com.do\/api-json\/wp\/v2\/media\/1197"}],"wp:attachment":[{"href":"https:\/\/elpueblo.com.do\/api-json\/wp\/v2\/media?parent=1196"}],"wp:term":[{"taxonomy":"category","embeddable":true,"href":"https:\/\/elpueblo.com.do\/api-json\/wp\/v2\/categories?post=1196"},{"taxonomy":"post_tag","embeddable":true,"href":"https:\/\/elpueblo.com.do\/api-json\/wp\/v2\/tags?post=1196"}],"curies":[{"name":"wp","href":"https:\/\/api.w.org\/{rel}","templated":true}]}}