{"id":1193,"date":"2020-07-10T18:45:39","date_gmt":"2020-07-10T22:45:39","guid":{"rendered":"https:\/\/elpueblo.com.do\/?p=1193"},"modified":"2020-07-10T18:45:42","modified_gmt":"2020-07-10T22:45:42","slug":"luis-abinader-designa-sr-roberto-alvarez-como-ministro-de-relaciones-exteriores","status":"publish","type":"post","link":"https:\/\/elpueblo.com.do\/actualidad\/luis-abinader-designa-sr-roberto-alvarez-como-ministro-de-relaciones-exteriores\/1193\/","title":{"rendered":"Luis Abinader  designa Sr. Roberto Alvarez como Ministro de Relaciones Exteriores"},"content":{"rendered":"\n<p>Designaciones Luis Abinader @PRM_Oficial<\/p>\n\n\n\n<p>Roberto Alvarez.-&nbsp;Ministro de Relaciones Exteriores de la Rep\u00fablica Dominicana.<\/p>\n\n\n\n<p>SANTO DOMINGO, Rep\u00fablica Dominicana.-&nbsp;Roberto Alvarez&nbsp;, abogado experto en asuntos internacionales y derechos humanos, y miembro del equipo del presidente electo Luis Abinader, ser\u00e1 el nuevo ministro de Relaciones Exteriores.<\/p>\n\n\n\n<p>Se designar\u00e1 al Sr. Roberto Alvarez (@RobalsdqAlvarez) como Ministro de Relaciones Exteriores de la Rep\u00fablica Dominicana. Desde ya est\u00e1 trabajando en la visita de dignatarios de los diferentes pa\u00edses, a la toma de posesi\u00f3n. Se incorporar\u00e1 a la comisi\u00f3n de transici\u00f3n de esa \u00e1rea.<\/p>\n","protected":false},"excerpt":{"rendered":"<p>Designaciones Luis Abinader @PRM_Oficial Roberto Alvarez.-&nbsp;Ministro de Relaciones Exteriores de la Rep\u00fablica Dominicana. SANTO DOMINGO, Rep\u00fablica Dominicana.-&nbsp;Roberto Alvarez&nbsp;, abogado experto en asuntos internacionales y derechos humanos, y miembro del equipo del presidente electo Luis Abinader, ser\u00e1 el nuevo ministro de Relaciones Exteriores. Se designar\u00e1 al Sr. Roberto Alvarez (@RobalsdqAlvarez) como Ministro de Relaciones Exteriores de [&hellip;]<\/p>\n","protected":false},"author":2,"featured_media":1194,"comment_status":"open","ping_status":"open","sticky":true,"template":"","format":"standard","meta":{"footnotes":""},"categories":[32,34],"tags":[],"class_list":{"0":"post-1193","1":"post","2":"type-post","3":"status-publish","4":"format-standard","5":"has-post-thumbnail","7":"category-actualidad","8":"category-politica"},"_links":{"self":[{"href":"https:\/\/elpueblo.com.do\/api-json\/wp\/v2\/posts\/1193","targetHints":{"allow":["GET"]}}],"collection":[{"href":"https:\/\/elpueblo.com.do\/api-json\/wp\/v2\/posts"}],"about":[{"href":"https:\/\/elpueblo.com.do\/api-json\/wp\/v2\/types\/post"}],"author":[{"embeddable":true,"href":"https:\/\/elpueblo.com.do\/api-json\/wp\/v2\/users\/2"}],"replies":[{"embeddable":true,"href":"https:\/\/elpueblo.com.do\/api-json\/wp\/v2\/comments?post=1193"}],"version-history":[{"count":0,"href":"https:\/\/elpueblo.com.do\/api-json\/wp\/v2\/posts\/1193\/revisions"}],"wp:featuredmedia":[{"embeddable":true,"href":"https:\/\/elpueblo.com.do\/api-json\/wp\/v2\/media\/1194"}],"wp:attachment":[{"href":"https:\/\/elpueblo.com.do\/api-json\/wp\/v2\/media?parent=1193"}],"wp:term":[{"taxonomy":"category","embeddable":true,"href":"https:\/\/elpueblo.com.do\/api-json\/wp\/v2\/categories?post=1193"},{"taxonomy":"post_tag","embeddable":true,"href":"https:\/\/elpueblo.com.do\/api-json\/wp\/v2\/tags?post=1193"}],"curies":[{"name":"wp","href":"https:\/\/api.w.org\/{rel}","templated":true}]}}