{"id":1189,"date":"2020-07-10T18:34:27","date_gmt":"2020-07-10T22:34:27","guid":{"rendered":"https:\/\/elpueblo.com.do\/?p=1189"},"modified":"2020-07-10T18:34:31","modified_gmt":"2020-07-10T22:34:31","slug":"milagros-german-sera-la-directora-de-comunicaciones-del-gobierno-de-luis-abinader","status":"publish","type":"post","link":"https:\/\/elpueblo.com.do\/actualidad\/milagros-german-sera-la-directora-de-comunicaciones-del-gobierno-de-luis-abinader\/1189\/","title":{"rendered":"Milagros Germ\u00e1n ser\u00e1 la directora de comunicaciones del Gobierno de Luis Abinader"},"content":{"rendered":"\n<p>Designaciones<\/p>\n\n\n\n<p>Milagros Germ\u00e1n ser\u00e1 la directora de comunicaciones y Vocera de la Presidencia<\/p>\n\n\n\n<p>Luis Abinader, presidente electo del pa\u00eds, nombr\u00f3 esta tarde a la presentadora de televisi\u00f3n Milagros German como Directora de Comunicaciones y Vocera de la Presidencia de la Rep\u00fablica Dominicana.<img decoding=\"async\" width=\"150\" height=\"90\" class=\"wp-image-1191 lazyload\" style=\"--smush-placeholder-width: 150px; --smush-placeholder-aspect-ratio: 150\/90;width: 150px;\" data-src=\"https:\/\/elpueblo.com.do\/archivos\/2020\/07\/milagros-german-sera-la-directora-de-comunicaciones-del-gobierno-de-luis-abinader.jpeg\" alt=\"\" data-srcset=\"https:\/\/elpueblo.com.do\/archivos\/2020\/07\/milagros-german-sera-la-directora-de-comunicaciones-del-gobierno-de-luis-abinader.jpeg 640w, https:\/\/elpueblo.com.do\/sources\/smush-webp\/2020\/07\/milagros-german-sera-la-directora-de-comunicaciones-del-gobierno-de-luis-abinader-300x180.jpeg.webp 300w\" data-sizes=\"(max-width: 150px) 100vw, 150px\" src=\"data:image\/svg+xml;base64,PHN2ZyB3aWR0aD0iMSIgaGVpZ2h0PSIxIiB4bWxucz0iaHR0cDovL3d3dy53My5vcmcvMjAwMC9zdmciPjwvc3ZnPg==\" data-smush-webp-fallback=\"{&quot;data-srcset&quot;:&quot;https:\\\/\\\/elpueblo.com.do\\\/wp-content\\\/uploads\\\/2020\\\/07\\\/milagros-german-sera-la-directora-de-comunicaciones-del-gobierno-de-luis-abinader.jpeg 640w, https:\\\/\\\/elpueblo.com.do\\\/wp-content\\\/uploads\\\/2020\\\/07\\\/milagros-german-sera-la-directora-de-comunicaciones-del-gobierno-de-luis-abinader-300x180.jpeg 300w&quot;}\" \/><\/p>\n\n\n\n<p>El presidente electo dijo que desde la pr\u00f3xima semana Milagros Germ\u00e1n se incorporar\u00e1 al equipo de traspaso de mando.<\/p>\n\n\n\n<p>La disposici\u00f3n, anunciada por Twitter, se convierte en la primera designaci\u00f3n de su nuevo gobierno.&nbsp;<\/p>\n\n\n\n<p>Se designar\u00e1 a&nbsp;@MilagrosGermanO&nbsp;como Directora de Comunicaciones y Vocera de la Presidencia de la Rep\u00fablica Dominicana. Desde la pr\u00f3xima semana se incorporar\u00e1 al equipo de traspaso de mando.<\/p>\n","protected":false},"excerpt":{"rendered":"<p>Designaciones Milagros Germ\u00e1n ser\u00e1 la directora de comunicaciones y Vocera de la Presidencia Luis Abinader, presidente electo del pa\u00eds, nombr\u00f3 esta tarde a la presentadora de televisi\u00f3n Milagros German como Directora de Comunicaciones y Vocera de la Presidencia de la Rep\u00fablica Dominicana. El presidente electo dijo que desde la pr\u00f3xima semana Milagros Germ\u00e1n se incorporar\u00e1 [&hellip;]<\/p>\n","protected":false},"author":2,"featured_media":1190,"comment_status":"open","ping_status":"open","sticky":true,"template":"","format":"standard","meta":{"footnotes":""},"categories":[32,34],"tags":[],"class_list":{"0":"post-1189","1":"post","2":"type-post","3":"status-publish","4":"format-standard","5":"has-post-thumbnail","7":"category-actualidad","8":"category-politica"},"_links":{"self":[{"href":"https:\/\/elpueblo.com.do\/api-json\/wp\/v2\/posts\/1189","targetHints":{"allow":["GET"]}}],"collection":[{"href":"https:\/\/elpueblo.com.do\/api-json\/wp\/v2\/posts"}],"about":[{"href":"https:\/\/elpueblo.com.do\/api-json\/wp\/v2\/types\/post"}],"author":[{"embeddable":true,"href":"https:\/\/elpueblo.com.do\/api-json\/wp\/v2\/users\/2"}],"replies":[{"embeddable":true,"href":"https:\/\/elpueblo.com.do\/api-json\/wp\/v2\/comments?post=1189"}],"version-history":[{"count":0,"href":"https:\/\/elpueblo.com.do\/api-json\/wp\/v2\/posts\/1189\/revisions"}],"wp:featuredmedia":[{"embeddable":true,"href":"https:\/\/elpueblo.com.do\/api-json\/wp\/v2\/media\/1190"}],"wp:attachment":[{"href":"https:\/\/elpueblo.com.do\/api-json\/wp\/v2\/media?parent=1189"}],"wp:term":[{"taxonomy":"category","embeddable":true,"href":"https:\/\/elpueblo.com.do\/api-json\/wp\/v2\/categories?post=1189"},{"taxonomy":"post_tag","embeddable":true,"href":"https:\/\/elpueblo.com.do\/api-json\/wp\/v2\/tags?post=1189"}],"curies":[{"name":"wp","href":"https:\/\/api.w.org\/{rel}","templated":true}]}}