{"id":1186,"date":"2020-07-10T18:16:56","date_gmt":"2020-07-10T22:16:56","guid":{"rendered":"https:\/\/elpueblo.com.do\/?p=1186"},"modified":"2020-07-10T18:16:59","modified_gmt":"2020-07-10T22:16:59","slug":"luisabinader-designa-a-ortizbosch-sera-responsable-de-las-politicas-de-transparencia-etica-y-prevencion-de-la-corrupcion","status":"publish","type":"post","link":"https:\/\/elpueblo.com.do\/actualidad\/luisabinader-designa-a-ortizbosch-sera-responsable-de-las-politicas-de-transparencia-etica-y-prevencion-de-la-corrupcion\/1186\/","title":{"rendered":"LuisAbinader  Designa a OrtizBosch. Ser\u00e1 responsable de las pol\u00edticas de transparencia, \u00e9tica y prevenci\u00f3n de la corrupci\u00f3n"},"content":{"rendered":"\n<p>SANTO DOMINGO, Rep\u00fablica Dominicana.- El presidente electo, Luis Abinader, anunci\u00f3 este viernes 10 que Milagros Ortiz Bosch ser\u00e1 la responsable de pol\u00edticas de transparencia,&nbsp;\u00e9tica y prevenci\u00f3n de la corrupci\u00f3n en su Gobierno.<\/p>\n\n\n\n<p>Mi primera designaci\u00f3n es un mensaje claro a los funcionarios del nuevo gobierno y la Naci\u00f3n: Do\u00f1a Milagros&nbsp;@OrtizBosch&nbsp;ser\u00e1 responsable de las pol\u00edticas de transparencia, \u00e9tica y prevenci\u00f3n de la corrupci\u00f3n. Trabajar\u00e1 en transformar la Direcci\u00f3n de \u00e9tica en un organismo eficaz.<\/p>\n","protected":false},"excerpt":{"rendered":"<p>SANTO DOMINGO, Rep\u00fablica Dominicana.- El presidente electo, Luis Abinader, anunci\u00f3 este viernes 10 que Milagros Ortiz Bosch ser\u00e1 la responsable de pol\u00edticas de transparencia,&nbsp;\u00e9tica y prevenci\u00f3n de la corrupci\u00f3n en su Gobierno. Mi primera designaci\u00f3n es un mensaje claro a los funcionarios del nuevo gobierno y la Naci\u00f3n: Do\u00f1a Milagros&nbsp;@OrtizBosch&nbsp;ser\u00e1 responsable de las pol\u00edticas de [&hellip;]<\/p>\n","protected":false},"author":2,"featured_media":1187,"comment_status":"open","ping_status":"open","sticky":true,"template":"","format":"standard","meta":{"footnotes":""},"categories":[32,34],"tags":[],"class_list":{"0":"post-1186","1":"post","2":"type-post","3":"status-publish","4":"format-standard","5":"has-post-thumbnail","7":"category-actualidad","8":"category-politica"},"_links":{"self":[{"href":"https:\/\/elpueblo.com.do\/api-json\/wp\/v2\/posts\/1186","targetHints":{"allow":["GET"]}}],"collection":[{"href":"https:\/\/elpueblo.com.do\/api-json\/wp\/v2\/posts"}],"about":[{"href":"https:\/\/elpueblo.com.do\/api-json\/wp\/v2\/types\/post"}],"author":[{"embeddable":true,"href":"https:\/\/elpueblo.com.do\/api-json\/wp\/v2\/users\/2"}],"replies":[{"embeddable":true,"href":"https:\/\/elpueblo.com.do\/api-json\/wp\/v2\/comments?post=1186"}],"version-history":[{"count":0,"href":"https:\/\/elpueblo.com.do\/api-json\/wp\/v2\/posts\/1186\/revisions"}],"wp:featuredmedia":[{"embeddable":true,"href":"https:\/\/elpueblo.com.do\/api-json\/wp\/v2\/media\/1187"}],"wp:attachment":[{"href":"https:\/\/elpueblo.com.do\/api-json\/wp\/v2\/media?parent=1186"}],"wp:term":[{"taxonomy":"category","embeddable":true,"href":"https:\/\/elpueblo.com.do\/api-json\/wp\/v2\/categories?post=1186"},{"taxonomy":"post_tag","embeddable":true,"href":"https:\/\/elpueblo.com.do\/api-json\/wp\/v2\/tags?post=1186"}],"curies":[{"name":"wp","href":"https:\/\/api.w.org\/{rel}","templated":true}]}}