{"id":1183,"date":"2020-07-10T08:54:15","date_gmt":"2020-07-10T12:54:15","guid":{"rendered":"https:\/\/elpueblo.com.do\/?p=1183"},"modified":"2020-07-10T08:54:19","modified_gmt":"2020-07-10T12:54:19","slug":"senador-electo-por-la-romana-ivan-silva-y-la-diclap-realizan-culto-de-accion-de-gracias","status":"publish","type":"post","link":"https:\/\/elpueblo.com.do\/actualidad\/senador-electo-por-la-romana-ivan-silva-y-la-diclap-realizan-culto-de-accion-de-gracias\/1183\/","title":{"rendered":"Senador electo por La Romana Iv\u00e1n Silva y la DICLAP realizan culto de acci\u00f3n de gracias"},"content":{"rendered":"\n<p>La Romana &#8211; El senador electo por el Partido Revolucionario Moderno (PRM),Dr. Iv\u00e1n Silva en La Romana y la Direcci\u00f3n Nacional de Cultos Luis Abinader presidente (DICLAP), realizaron un culto de acci\u00f3n de gracias a Dios por darle la oportunidad de que Silva obtuviera la victoria en los comicios electorales.<\/p>\n\n\n\n<p>La actividad cristiana cont\u00f3 con la presencia de varios dirigentes pol\u00edticos de la provincia y miembros de diferentes iglesias que fueron a dar gracias al creador del universo por el triunfo obtenido del senador electo del PRM.<\/p>\n\n\n\n<p>\u201c Quiero esta noche darle las gracias de todo coraz\u00f3n a nuestro se\u00f1or Jesucristo por darme la oportunidad de lograr este triunfo que no es solo mio sino de todo los romanenses y de la Rep\u00fablica Dominicana y darme las fuerzas para seguir adelante, tuvimos momentos de angustias y desesperaci\u00f3n pero el se\u00f1or nos ayud\u00f3 a seguir para hoy ser el senador de La Romana. Gracias infinitas\u201d. Expres\u00f3 Silva.<\/p>\n\n\n\n<p>El encuentro cont\u00f3 con la presencia del pastor Dio Astacio, pastor Juli\u00e1n Fr\u00edas , presidente de la Asociaci\u00f3n de Pastores de La Romana, H\u00e9ctor Chalas,Gidel Cerde\u00f1o, en representaci\u00f3n del diputado electo Eugenio Cede\u00f1o, Rom\u00e1n Feliz, Dayna Manzano, quien tuvo a su cargo la conducci\u00f3n de dicho evento.<\/p>\n\n\n\n<p>Tambi\u00e9n estuvieron presente Silene Lerebours de Silva , esposa del senador Triunfante, padre Nicol\u00e1s Tejada representante de la iglesia cat\u00f3lica , entre otros.<\/p>\n\n\n\n<p>En la actividad se le dio un aplauso de agradecimiento al se\u00f1or Reinaldo Rinc\u00f3n Khoury y a su esposa Rosario Pichardo de Rinc\u00f3n , quienes trabajaron de manera incansable durante el proceso de campa\u00f1a y la misma tuvo como escenario la cancha del Club San Mart\u00edn de Porres.<\/p>\n","protected":false},"excerpt":{"rendered":"<p>La Romana &#8211; El senador electo por el Partido Revolucionario Moderno (PRM),Dr. Iv\u00e1n Silva en La Romana y la Direcci\u00f3n Nacional de Cultos Luis Abinader presidente (DICLAP), realizaron un culto de acci\u00f3n de gracias a Dios por darle la oportunidad de que Silva obtuviera la victoria en los comicios electorales. La actividad cristiana cont\u00f3 con [&hellip;]<\/p>\n","protected":false},"author":2,"featured_media":1184,"comment_status":"open","ping_status":"open","sticky":true,"template":"","format":"standard","meta":{"footnotes":""},"categories":[32,34],"tags":[],"class_list":{"0":"post-1183","1":"post","2":"type-post","3":"status-publish","4":"format-standard","5":"has-post-thumbnail","7":"category-actualidad","8":"category-politica"},"_links":{"self":[{"href":"https:\/\/elpueblo.com.do\/api-json\/wp\/v2\/posts\/1183","targetHints":{"allow":["GET"]}}],"collection":[{"href":"https:\/\/elpueblo.com.do\/api-json\/wp\/v2\/posts"}],"about":[{"href":"https:\/\/elpueblo.com.do\/api-json\/wp\/v2\/types\/post"}],"author":[{"embeddable":true,"href":"https:\/\/elpueblo.com.do\/api-json\/wp\/v2\/users\/2"}],"replies":[{"embeddable":true,"href":"https:\/\/elpueblo.com.do\/api-json\/wp\/v2\/comments?post=1183"}],"version-history":[{"count":0,"href":"https:\/\/elpueblo.com.do\/api-json\/wp\/v2\/posts\/1183\/revisions"}],"wp:featuredmedia":[{"embeddable":true,"href":"https:\/\/elpueblo.com.do\/api-json\/wp\/v2\/media\/1184"}],"wp:attachment":[{"href":"https:\/\/elpueblo.com.do\/api-json\/wp\/v2\/media?parent=1183"}],"wp:term":[{"taxonomy":"category","embeddable":true,"href":"https:\/\/elpueblo.com.do\/api-json\/wp\/v2\/categories?post=1183"},{"taxonomy":"post_tag","embeddable":true,"href":"https:\/\/elpueblo.com.do\/api-json\/wp\/v2\/tags?post=1183"}],"curies":[{"name":"wp","href":"https:\/\/api.w.org\/{rel}","templated":true}]}}