{"id":1174,"date":"2020-07-06T13:27:02","date_gmt":"2020-07-06T17:27:02","guid":{"rendered":"https:\/\/elpueblo.com.do\/?p=1174"},"modified":"2020-07-07T13:32:34","modified_gmt":"2020-07-07T17:32:34","slug":"ivan-silva-del-prm-lleva-ventaja-en-la-romana-en-elecciones-congresuales","status":"publish","type":"post","link":"https:\/\/elpueblo.com.do\/actualidad\/ivan-silva-del-prm-lleva-ventaja-en-la-romana-en-elecciones-congresuales\/1174\/","title":{"rendered":"Iv\u00e1n Silva del PRM lleva ventaja en La Romana en  elecciones congresuales."},"content":{"rendered":"\n<p>La Romana- El candidato a senador por el Partido Revolucionario Moderno(PRM) Dr Iv\u00e1n Silva por esta provincia comenz\u00f3 llevando la delantera en el primer bolet\u00edn emitido por la junta central electoral.<img decoding=\"async\" width=\"150\" height=\"119\" class=\"wp-image-1176 lazyload\" style=\"--smush-placeholder-width: 150px; --smush-placeholder-aspect-ratio: 150\/119;width: 150px;\" data-src=\"https:\/\/elpueblo.com.do\/archivos\/2020\/07\/IMG-20200706-WA0225.jpg\" alt=\"\" data-srcset=\"https:\/\/elpueblo.com.do\/archivos\/2020\/07\/IMG-20200706-WA0225.jpg 1242w, https:\/\/elpueblo.com.do\/sources\/smush-webp\/2020\/07\/IMG-20200706-WA0225-300x238.jpg.webp 300w, https:\/\/elpueblo.com.do\/sources\/smush-webp\/2020\/07\/IMG-20200706-WA0225-1024x812.jpg.webp 1024w, https:\/\/elpueblo.com.do\/archivos\/2020\/07\/IMG-20200706-WA0225-768x609.jpg 768w, https:\/\/elpueblo.com.do\/archivos\/2020\/07\/IMG-20200706-WA0225-696x552.jpg 696w, https:\/\/elpueblo.com.do\/sources\/smush-webp\/2020\/07\/IMG-20200706-WA0225-1068x847.jpg.webp 1068w, https:\/\/elpueblo.com.do\/sources\/smush-webp\/2020\/07\/IMG-20200706-WA0225-530x420.jpg.webp 530w\" data-sizes=\"(max-width: 150px) 100vw, 150px\" src=\"data:image\/svg+xml;base64,PHN2ZyB3aWR0aD0iMSIgaGVpZ2h0PSIxIiB4bWxucz0iaHR0cDovL3d3dy53My5vcmcvMjAwMC9zdmciPjwvc3ZnPg==\" data-smush-webp-fallback=\"{&quot;data-srcset&quot;:&quot;https:\\\/\\\/elpueblo.com.do\\\/wp-content\\\/uploads\\\/2020\\\/07\\\/IMG-20200706-WA0225.jpg 1242w, https:\\\/\\\/elpueblo.com.do\\\/wp-content\\\/uploads\\\/2020\\\/07\\\/IMG-20200706-WA0225-300x238.jpg 300w, https:\\\/\\\/elpueblo.com.do\\\/wp-content\\\/uploads\\\/2020\\\/07\\\/IMG-20200706-WA0225-1024x812.jpg 1024w, https:\\\/\\\/elpueblo.com.do\\\/wp-content\\\/uploads\\\/2020\\\/07\\\/IMG-20200706-WA0225-768x609.jpg 768w, https:\\\/\\\/elpueblo.com.do\\\/wp-content\\\/uploads\\\/2020\\\/07\\\/IMG-20200706-WA0225-696x552.jpg 696w, https:\\\/\\\/elpueblo.com.do\\\/wp-content\\\/uploads\\\/2020\\\/07\\\/IMG-20200706-WA0225-1068x847.jpg 1068w, https:\\\/\\\/elpueblo.com.do\\\/wp-content\\\/uploads\\\/2020\\\/07\\\/IMG-20200706-WA0225-530x420.jpg 530w&quot;}\" \/><\/p>\n\n\n\n<p>El tambi\u00e9n vicepresidente del PRM en dicha demarcaci\u00f3n obtuvo el 44.24<br>% frente a sus contrincantes Amarilis Santana del Partido de La Liberaci\u00f3n Dominicana (PLD)con 21.57% y Frank Mart\u00ednez aspirante a la misma posici\u00f3n por el Partidos Reformista Social Cristiano (PRSC)con 31.41% de los votos emitidos por el \u00f3rgano electoral.<\/p>\n\n\n\n<p>Silva representante del Partido Revolucionario Moderno se convertir\u00eda en el primer senador de dicha organizaci\u00f3n pol\u00edtica en La Romana y representar\u00e1 a los Romanenses en el congreso nacional luego que el partido no ganaba desde el a\u00f1o 1998, cuando era PRD.<\/p>\n","protected":false},"excerpt":{"rendered":"<p>La Romana- El candidato a senador por el Partido Revolucionario Moderno(PRM) Dr Iv\u00e1n Silva por esta provincia comenz\u00f3 llevando la delantera en el primer bolet\u00edn emitido por la junta central electoral. El tambi\u00e9n vicepresidente del PRM en dicha demarcaci\u00f3n obtuvo el 44.24% frente a sus contrincantes Amarilis Santana del Partido de La Liberaci\u00f3n Dominicana (PLD)con [&hellip;]<\/p>\n","protected":false},"author":2,"featured_media":1175,"comment_status":"open","ping_status":"open","sticky":true,"template":"","format":"standard","meta":{"footnotes":""},"categories":[32,34],"tags":[],"class_list":{"0":"post-1174","1":"post","2":"type-post","3":"status-publish","4":"format-standard","5":"has-post-thumbnail","7":"category-actualidad","8":"category-politica"},"_links":{"self":[{"href":"https:\/\/elpueblo.com.do\/api-json\/wp\/v2\/posts\/1174","targetHints":{"allow":["GET"]}}],"collection":[{"href":"https:\/\/elpueblo.com.do\/api-json\/wp\/v2\/posts"}],"about":[{"href":"https:\/\/elpueblo.com.do\/api-json\/wp\/v2\/types\/post"}],"author":[{"embeddable":true,"href":"https:\/\/elpueblo.com.do\/api-json\/wp\/v2\/users\/2"}],"replies":[{"embeddable":true,"href":"https:\/\/elpueblo.com.do\/api-json\/wp\/v2\/comments?post=1174"}],"version-history":[{"count":0,"href":"https:\/\/elpueblo.com.do\/api-json\/wp\/v2\/posts\/1174\/revisions"}],"wp:featuredmedia":[{"embeddable":true,"href":"https:\/\/elpueblo.com.do\/api-json\/wp\/v2\/media\/1175"}],"wp:attachment":[{"href":"https:\/\/elpueblo.com.do\/api-json\/wp\/v2\/media?parent=1174"}],"wp:term":[{"taxonomy":"category","embeddable":true,"href":"https:\/\/elpueblo.com.do\/api-json\/wp\/v2\/categories?post=1174"},{"taxonomy":"post_tag","embeddable":true,"href":"https:\/\/elpueblo.com.do\/api-json\/wp\/v2\/tags?post=1174"}],"curies":[{"name":"wp","href":"https:\/\/api.w.org\/{rel}","templated":true}]}}