{"id":1171,"date":"2020-07-01T17:19:00","date_gmt":"2020-07-01T21:19:00","guid":{"rendered":"https:\/\/elpueblo.com.do\/?p=1171"},"modified":"2020-07-01T17:19:24","modified_gmt":"2020-07-01T21:19:24","slug":"ivan-silva-cierra-campana-con-caravana-multitudinaria-junto-a-los-demas-candidatos-del-prm-en-la-romana","status":"publish","type":"post","link":"https:\/\/elpueblo.com.do\/actualidad\/ivan-silva-cierra-campana-con-caravana-multitudinaria-junto-a-los-demas-candidatos-del-prm-en-la-romana\/1171\/","title":{"rendered":"Iv\u00e1n Silva cierra campa\u00f1a con caravana multitudinaria junto a los dem\u00e1s candidatos del \u00a0PRM en La Romana"},"content":{"rendered":"\n<p>LA ROMANA- A ritmo de m\u00fasica electr\u00f3nica con los dj la Jon\u00e1s y La Pel\u00edcula, el candidato a senador por el partido Revolucionario Moderno (PRM), por La Romana, el doctor Iv\u00e1n Silva, realiz\u00f3 su cierre de campa\u00f1a, con un recorrido multitudinario por toda la provincia perteneciente al este del pa\u00eds .<br>&nbsp;<br>Miles de perremeistas a compa\u00f1aron al doctor &nbsp;Silva y a los dem\u00e1s candidatos que apuestan por el cambio, entre ellos, los aspirantes a diputados Eugenio Cede\u00f1o , Jacqueline Fern\u00e1ndez y Nirza D\u00edaz y el supervisor pol\u00edtico de la campa\u00f1a de Luis Abinader el lic Reynaldo Ric\u00f3n Khoury.<br>&nbsp;<br>La caravana del cambio c\u00f3mo la llamo \u00e9l candidato a senador por dicha demarcaci\u00f3n lv\u00e1n Silva inici\u00f3 en el municipio de Villa Hermosa y varios sectores de de la provincia de La Romana.<\/p>\n\n\n\n<p>\u201cGracias mi querido pueblo por el apoyo que me han dado como candidato a senador por esta provincia y vamos todos juntos a votar para llenar las urnas de votos blancos, votos por el cambio y as\u00ed el pr\u00f3ximo 16 de agosto se habr\u00e1n las puertas de Palacio Nacional con la entrada triunfal de Luis Abinader Corona como presidente de la Rep\u00fablica y La Romana tenga su senador \u201cFinaliz\u00f3 Iv\u00e1n Silva.<\/p>\n","protected":false},"excerpt":{"rendered":"<p>LA ROMANA- A ritmo de m\u00fasica electr\u00f3nica con los dj la Jon\u00e1s y La Pel\u00edcula, el candidato a senador por el partido Revolucionario Moderno (PRM), por La Romana, el doctor Iv\u00e1n Silva, realiz\u00f3 su cierre de campa\u00f1a, con un recorrido multitudinario por toda la provincia perteneciente al este del pa\u00eds .&nbsp;Miles de perremeistas a compa\u00f1aron [&hellip;]<\/p>\n","protected":false},"author":2,"featured_media":1172,"comment_status":"closed","ping_status":"closed","sticky":false,"template":"","format":"standard","meta":{"footnotes":""},"categories":[32,34],"tags":[],"class_list":{"0":"post-1171","1":"post","2":"type-post","3":"status-publish","4":"format-standard","5":"has-post-thumbnail","7":"category-actualidad","8":"category-politica"},"_links":{"self":[{"href":"https:\/\/elpueblo.com.do\/api-json\/wp\/v2\/posts\/1171","targetHints":{"allow":["GET"]}}],"collection":[{"href":"https:\/\/elpueblo.com.do\/api-json\/wp\/v2\/posts"}],"about":[{"href":"https:\/\/elpueblo.com.do\/api-json\/wp\/v2\/types\/post"}],"author":[{"embeddable":true,"href":"https:\/\/elpueblo.com.do\/api-json\/wp\/v2\/users\/2"}],"replies":[{"embeddable":true,"href":"https:\/\/elpueblo.com.do\/api-json\/wp\/v2\/comments?post=1171"}],"version-history":[{"count":0,"href":"https:\/\/elpueblo.com.do\/api-json\/wp\/v2\/posts\/1171\/revisions"}],"wp:featuredmedia":[{"embeddable":true,"href":"https:\/\/elpueblo.com.do\/api-json\/wp\/v2\/media\/1172"}],"wp:attachment":[{"href":"https:\/\/elpueblo.com.do\/api-json\/wp\/v2\/media?parent=1171"}],"wp:term":[{"taxonomy":"category","embeddable":true,"href":"https:\/\/elpueblo.com.do\/api-json\/wp\/v2\/categories?post=1171"},{"taxonomy":"post_tag","embeddable":true,"href":"https:\/\/elpueblo.com.do\/api-json\/wp\/v2\/tags?post=1171"}],"curies":[{"name":"wp","href":"https:\/\/api.w.org\/{rel}","templated":true}]}}