{"id":1162,"date":"2020-06-27T10:19:12","date_gmt":"2020-06-27T14:19:12","guid":{"rendered":"https:\/\/elpueblo.com.do\/?p=1162"},"modified":"2020-06-27T10:19:16","modified_gmt":"2020-06-27T14:19:16","slug":"luis-abinader-y-el-candidato-a-senador-ivan-silva-encabezan-preferencias-en-la-romana-segun-encuesta","status":"publish","type":"post","link":"https:\/\/elpueblo.com.do\/actualidad\/luis-abinader-y-el-candidato-a-senador-ivan-silva-encabezan-preferencias-en-la-romana-segun-encuesta\/1162\/","title":{"rendered":"Luis Abinader y el candidato a senador Iv\u00e1n Silva encabezan preferencias en La Romana, seg\u00fan encuesta"},"content":{"rendered":"\n<p>La Romana. El candidato a la presidencia Luis Abinader y el candidato senador por La Romana, el doctor Iv\u00e1n Silva, ambos por el Partido Revolucionario Moderno (PRM) encabezan las preferencias como los favoritos para ganar las elecciones del pr\u00f3ximo 5 de julio.<\/p>\n\n\n\n<p>Estos datos sobre la preferencia electoral de La Romana, fueron obtenidos mediante un estudio realizado por la Oficina Nacional de Estad\u00edsticas (ONE) y una casa encuestadora muy reconocida en estos tipos de encuestas.<\/p>\n\n\n\n<p>Este estudio enfatiz\u00f3 que est\u00e1 provincia esta puntera en las encuestas realizadas en la provincia perteneciente al este del pa\u00eds con un de la simpat\u00eda de los electores con un 48 por ciento por encima del PLD que tiene un 25 por ciento de partido a partido en cuanto a sus candidatos.<\/p>\n\n\n\n<p>Mientras que la candidatura a senador de Iv\u00e1n Silva muestra un 41.5 por ciento de aceptaci\u00f3n, por encima de Amarilis Santana del PL, quien tiene un 30.6 por ciento, Frank Mart\u00ednez candidato por el PRSC tiene un 15.5 por ciento.<\/p>\n\n\n\n<p>La provincia La Romana seg\u00fan la ONE, cuenta con 245, 433,000 habitantes y un total de 188, 151 electores h\u00e1biles. La muestra fue tomada a 612 personas. Los entrevistados fueron abordados en preguntas directas, con la finalidad de conocer las preferencias de los romanenses de cara a las elecciones Congresuales y Presidenciales en los municipios de Cumayasa, Caleta, Guaymate, Villa Hermosa y Villa Verde.<\/p>\n","protected":false},"excerpt":{"rendered":"<p>La Romana. El candidato a la presidencia Luis Abinader y el candidato senador por La Romana, el doctor Iv\u00e1n Silva, ambos por el Partido Revolucionario Moderno (PRM) encabezan las preferencias como los favoritos para ganar las elecciones del pr\u00f3ximo 5 de julio. Estos datos sobre la preferencia electoral de La Romana, fueron obtenidos mediante un [&hellip;]<\/p>\n","protected":false},"author":2,"featured_media":1163,"comment_status":"open","ping_status":"open","sticky":true,"template":"","format":"standard","meta":{"footnotes":""},"categories":[32,34],"tags":[],"class_list":{"0":"post-1162","1":"post","2":"type-post","3":"status-publish","4":"format-standard","5":"has-post-thumbnail","7":"category-actualidad","8":"category-politica"},"_links":{"self":[{"href":"https:\/\/elpueblo.com.do\/api-json\/wp\/v2\/posts\/1162","targetHints":{"allow":["GET"]}}],"collection":[{"href":"https:\/\/elpueblo.com.do\/api-json\/wp\/v2\/posts"}],"about":[{"href":"https:\/\/elpueblo.com.do\/api-json\/wp\/v2\/types\/post"}],"author":[{"embeddable":true,"href":"https:\/\/elpueblo.com.do\/api-json\/wp\/v2\/users\/2"}],"replies":[{"embeddable":true,"href":"https:\/\/elpueblo.com.do\/api-json\/wp\/v2\/comments?post=1162"}],"version-history":[{"count":0,"href":"https:\/\/elpueblo.com.do\/api-json\/wp\/v2\/posts\/1162\/revisions"}],"wp:featuredmedia":[{"embeddable":true,"href":"https:\/\/elpueblo.com.do\/api-json\/wp\/v2\/media\/1163"}],"wp:attachment":[{"href":"https:\/\/elpueblo.com.do\/api-json\/wp\/v2\/media?parent=1162"}],"wp:term":[{"taxonomy":"category","embeddable":true,"href":"https:\/\/elpueblo.com.do\/api-json\/wp\/v2\/categories?post=1162"},{"taxonomy":"post_tag","embeddable":true,"href":"https:\/\/elpueblo.com.do\/api-json\/wp\/v2\/tags?post=1162"}],"curies":[{"name":"wp","href":"https:\/\/api.w.org\/{rel}","templated":true}]}}