{"id":1159,"date":"2020-06-27T10:06:52","date_gmt":"2020-06-27T14:06:52","guid":{"rendered":"https:\/\/elpueblo.com.do\/?p=1159"},"modified":"2020-06-27T10:06:56","modified_gmt":"2020-06-27T14:06:56","slug":"eugenio-cedeno-promueve-la-creacion-de-la-direccion-nacional-de-credito-educativo","status":"publish","type":"post","link":"https:\/\/elpueblo.com.do\/actualidad\/eugenio-cedeno-promueve-la-creacion-de-la-direccion-nacional-de-credito-educativo\/1159\/","title":{"rendered":"EUGENIO CEDE\u00d1O PROMUEVE LA CREACI\u00d3N DE LA DIRECCI\u00d3N NACIONAL DE CR\u00c9DITO EDUCATIVO"},"content":{"rendered":"\n<p>La Romana. El Candidato a diputado por el Partido Revolucionario Moderno (PRM) por la provincia La Romana, Eugenio Cede\u00f1o, promete la creaci\u00f3n de la Direcci\u00f3n Nacional de Cr\u00e9dito Educativo en caso llegar a ocupar una curul ante la C\u00e1mara de Diputados.<\/p>\n\n\n\n<p><br>Durante un encuentro Cede\u00f1o comprometi\u00f3 a Luis Abinader para que en su gobierno se ejecute y se cree la Direcci\u00f3n Nacional de Cr\u00e9dito educativo (DINACRED) y los j\u00f3venes puedan acceder a estos servicios con la finalidad de garantizar sus estudios universitarios.<\/p>\n\n\n\n<p><br>Cede\u00f1o explic\u00f3 que con esta Ley la juventud dominicana tendr\u00e1 la oportunidad de solicitar pr\u00e9stamos al Estado Dominicano para realizar sus estudios de grado, para luego pagar al Gobierno con bajos intereses luego que comiencen a trabajar<br>Cabe mencionar, que en el A\u00f1o 2008 Eugenio Cede\u00f1o conquist\u00f3 la Aprobaci\u00f3n del 5% de las AFP para el financiamiento de la Educaci\u00f3n t\u00e9cnica y superior. <\/p>\n\n\n\n<p>Esa Ley aunque fue aprobada, no ha sido puesta en ejecuci\u00f3n por los gobiernos del PLD<br>Cede\u00f1o Abogado, estudi\u00f3 en la Universidad Central Del Este (UCE) 1988, curs\u00f3 Maestr\u00edas en Gerencia de Campa\u00f1as Pol\u00edticas y en Derecho Penal en la Facultad Latinoamericana de Estudios Sociales y en la Universidad de la Tercera Edad UTE.<\/p>\n\n\n\n<p><br>Fue Procurador Fiscal de la Corte de Apelaci\u00f3n de San Pedro de Macor\u00eds 2000-2002. Del 2002 al 2016 se desempe\u00f1\u00f3 como Diputado de la Provincia La Romana. Destac\u00f3 c\u00f3mo el Asamble\u00edsta con m\u00e1s iniciativas aprobadas durante la Reforma Constitucional del 2010.<\/p>\n\n\n\n<p><br>Durante su gesti\u00f3n como diputado se caracteriz\u00f3 por ser Defensor de la Vida, la familia, las libertades y protector de los derechos fundamentales de los individuos. Fue Presidente de la Comisi\u00f3n de Derechos Humanos, miembro de la comisi\u00f3n de Seguridad Social, de Administraci\u00f3n P\u00fablica, de Partidos Pol\u00edticos, de Turismo, y fue el \u00fanico miembro Masculino de la comisi\u00f3n de Equidad de G\u00e9nero.<\/p>\n","protected":false},"excerpt":{"rendered":"<p>La Romana. El Candidato a diputado por el Partido Revolucionario Moderno (PRM) por la provincia La Romana, Eugenio Cede\u00f1o, promete la creaci\u00f3n de la Direcci\u00f3n Nacional de Cr\u00e9dito Educativo en caso llegar a ocupar una curul ante la C\u00e1mara de Diputados. Durante un encuentro Cede\u00f1o comprometi\u00f3 a Luis Abinader para que en su gobierno se [&hellip;]<\/p>\n","protected":false},"author":2,"featured_media":1160,"comment_status":"open","ping_status":"open","sticky":true,"template":"","format":"standard","meta":{"footnotes":""},"categories":[32,34],"tags":[],"class_list":{"0":"post-1159","1":"post","2":"type-post","3":"status-publish","4":"format-standard","5":"has-post-thumbnail","7":"category-actualidad","8":"category-politica"},"_links":{"self":[{"href":"https:\/\/elpueblo.com.do\/api-json\/wp\/v2\/posts\/1159","targetHints":{"allow":["GET"]}}],"collection":[{"href":"https:\/\/elpueblo.com.do\/api-json\/wp\/v2\/posts"}],"about":[{"href":"https:\/\/elpueblo.com.do\/api-json\/wp\/v2\/types\/post"}],"author":[{"embeddable":true,"href":"https:\/\/elpueblo.com.do\/api-json\/wp\/v2\/users\/2"}],"replies":[{"embeddable":true,"href":"https:\/\/elpueblo.com.do\/api-json\/wp\/v2\/comments?post=1159"}],"version-history":[{"count":0,"href":"https:\/\/elpueblo.com.do\/api-json\/wp\/v2\/posts\/1159\/revisions"}],"wp:featuredmedia":[{"embeddable":true,"href":"https:\/\/elpueblo.com.do\/api-json\/wp\/v2\/media\/1160"}],"wp:attachment":[{"href":"https:\/\/elpueblo.com.do\/api-json\/wp\/v2\/media?parent=1159"}],"wp:term":[{"taxonomy":"category","embeddable":true,"href":"https:\/\/elpueblo.com.do\/api-json\/wp\/v2\/categories?post=1159"},{"taxonomy":"post_tag","embeddable":true,"href":"https:\/\/elpueblo.com.do\/api-json\/wp\/v2\/tags?post=1159"}],"curies":[{"name":"wp","href":"https:\/\/api.w.org\/{rel}","templated":true}]}}