{"id":1149,"date":"2020-06-23T21:14:39","date_gmt":"2020-06-24T01:14:39","guid":{"rendered":"https:\/\/elpueblo.com.do\/?p=1149"},"modified":"2020-06-23T21:14:43","modified_gmt":"2020-06-24T01:14:43","slug":"se-desborda-la-flor-del-este-con-ivan-silva-nativo-de-la-romana","status":"publish","type":"post","link":"https:\/\/elpueblo.com.do\/actualidad\/se-desborda-la-flor-del-este-con-ivan-silva-nativo-de-la-romana\/1149\/","title":{"rendered":"Se desborda la flor del Este con Iv\u00e1n Silva, nativo de La Romana"},"content":{"rendered":"\n<p><strong>Por\u00a0Enmanuel Peralta\u00a0martes 23 de junio, 2020<\/strong><\/p>\n\n\n\n<p>Los romanenses se han levantado a decidir el destino de su pueblo, despu\u00e9s de tantas humillaciones que han sufrido de parte de tantos canallas, y pol\u00edticos que se han olvidado de sus pobladores.<\/p>\n\n\n\n<p>Este fin de semana estuvimos presenciando la fuerza y la voluntad de un pueblo despierto y dispuesto a tomar las riendas de su destino con un representante digno de la confianza popular.<\/p>\n\n\n\n<p>Este cinco de julio el pueblo dar\u00e1 el toque final. Tuve la oportunidad de conocer al doctor Silva desde mi infancia, cuyo don de gente jam\u00e1s lo olvidar\u00e9, cuando a\u00fan yo era apenas un infante, su carisma se derramaba por los pueblos m\u00e1s pobres de la provincia busc\u00e1ndoles soluciones a los problemas m\u00e1s inmediatos.<\/p>\n\n\n\n<p>Iv\u00e1n Silva no es solo \u00e9l candidato de La Romana, es su propia persona, el alma que representa todas las almas solidarias de La Romana.<\/p>\n\n\n\n<p>La Romana buscaba un cambio y ahora con Luis Abinader e Iv\u00e1n Silva como senador mantienen un proyecto pol\u00edtico bell\u00edsimo en cierne y que&nbsp; ve, por primera vez, la luz; miles de rostros que hab\u00edan sido oprimidos por la infamia de una representaci\u00f3n corrupta y avasallante, este cinco de julio no est\u00e1n dispuesto a permanecer arrinconados como si sus voluntades y sus voces no existiesen.<\/p>\n\n\n\n<p>La pereza mental y presuntuosidad de un partido que pretende seguir endeudando el pa\u00eds, olvid\u00e1ndose de las capacidades productivas de una de las&nbsp; provincias m\u00e1s ricas del pa\u00eds en toda clase de bienes.<\/p>\n\n\n\n<p>El proyecto de Iv\u00e1n es una representaci\u00f3n que abarca desde el sistema de servicios p\u00fablicos, en especial los servicios del sistema de Salud de la provincia,&nbsp; hasta un plan de desarrollo tur\u00edstico sostenible que&nbsp; eleve la calidad de vida que se merecen los romanenses.<\/p>\n\n\n\n<p>La Romana con Iv\u00e1n Silva volver\u00e1 a ser la flor del Este, con la gloria que siempre le perteneci\u00f3, y que no ser\u00e1 robada, ni aplastada ni marchitada.<\/p>\n\n\n\n<p>Este cinco de Julio la esperanza ser\u00e1 el halo que coronar\u00e1 de fuego \u00e1urea que se enarbolar\u00e1 en cada una de las cabezas de los hombres, mujeres y ni\u00f1os que habitan La Romana.<\/p>\n","protected":false},"excerpt":{"rendered":"<p>Por\u00a0Enmanuel Peralta\u00a0martes 23 de junio, 2020 Los romanenses se han levantado a decidir el destino de su pueblo, despu\u00e9s de tantas humillaciones que han sufrido de parte de tantos canallas, y pol\u00edticos que se han olvidado de sus pobladores. Este fin de semana estuvimos presenciando la fuerza y la voluntad de un pueblo despierto y [&hellip;]<\/p>\n","protected":false},"author":2,"featured_media":1124,"comment_status":"open","ping_status":"open","sticky":true,"template":"","format":"standard","meta":{"footnotes":""},"categories":[32,34],"tags":[],"class_list":{"0":"post-1149","1":"post","2":"type-post","3":"status-publish","4":"format-standard","5":"has-post-thumbnail","7":"category-actualidad","8":"category-politica"},"_links":{"self":[{"href":"https:\/\/elpueblo.com.do\/api-json\/wp\/v2\/posts\/1149","targetHints":{"allow":["GET"]}}],"collection":[{"href":"https:\/\/elpueblo.com.do\/api-json\/wp\/v2\/posts"}],"about":[{"href":"https:\/\/elpueblo.com.do\/api-json\/wp\/v2\/types\/post"}],"author":[{"embeddable":true,"href":"https:\/\/elpueblo.com.do\/api-json\/wp\/v2\/users\/2"}],"replies":[{"embeddable":true,"href":"https:\/\/elpueblo.com.do\/api-json\/wp\/v2\/comments?post=1149"}],"version-history":[{"count":0,"href":"https:\/\/elpueblo.com.do\/api-json\/wp\/v2\/posts\/1149\/revisions"}],"wp:featuredmedia":[{"embeddable":true,"href":"https:\/\/elpueblo.com.do\/api-json\/wp\/v2\/media\/1124"}],"wp:attachment":[{"href":"https:\/\/elpueblo.com.do\/api-json\/wp\/v2\/media?parent=1149"}],"wp:term":[{"taxonomy":"category","embeddable":true,"href":"https:\/\/elpueblo.com.do\/api-json\/wp\/v2\/categories?post=1149"},{"taxonomy":"post_tag","embeddable":true,"href":"https:\/\/elpueblo.com.do\/api-json\/wp\/v2\/tags?post=1149"}],"curies":[{"name":"wp","href":"https:\/\/api.w.org\/{rel}","templated":true}]}}