{"id":1143,"date":"2020-06-23T12:30:12","date_gmt":"2020-06-23T16:30:12","guid":{"rendered":"https:\/\/elpueblo.com.do\/?p=1143"},"modified":"2020-06-23T12:40:29","modified_gmt":"2020-06-23T16:40:29","slug":"exhorta-a-votar-el-5-de-julio-por-luis-abinader-y-faride-raful-porque-representan-el-cambio-en-el-modelo-de-gobierno","status":"publish","type":"post","link":"https:\/\/elpueblo.com.do\/actualidad\/exhorta-a-votar-el-5-de-julio-por-luis-abinader-y-faride-raful-porque-representan-el-cambio-en-el-modelo-de-gobierno\/1143\/","title":{"rendered":"El Regidor Jos\u00e9 Caraballo, Exhorta a votar el 5 de julio por  Luis Abinader  y Faride Raful porque representan el cambio en el modelo de gobierno"},"content":{"rendered":"\n<p>El regidor por el Distrito Nacional Jos\u00e9 Caraballo, exhort\u00f3 a votar por Luis Abinader a la candidatura presidencial y Faride Raful candidata a la senadur\u00eda al Distrito Nacional por el Partido Revolucionario Moderno (PRM) y fuerzas aliadas porque representa una nueva generaci\u00f3n de hace pol\u00edtica en Rep\u00fablica Dominicana.<\/p>\n\n\n\n<p><br>Caraballo invito a la poblaci\u00f3n dominicana acudir a votar el pr\u00f3ximo cinco de julio por los candidatos que sus hojas de vida ante la sociedad constituyen un ejemplo trasparec\u00edas e integridad y que sus propuestas representan un cambio en el modelo de gobierno en la naci\u00f3n como lo demanda el momento que vive el pa\u00eds.<\/p>\n\n\n\n<p><br>El edil manifest\u00f3 que la naci\u00f3n necesitas de hombres y mujeres, honesto y capacitado como son Luis y Faride que junto a Carolina Mej\u00eda alcaldesa har\u00e1n cambiar el modelo de gobierno que nos ha impuesto los gobiernos del Partido de la Liberaci\u00f3n Dominicana (PLD).<\/p>\n\n\n\n<p><br>\u201cNuestro pa\u00eds debe iniciar con el cambio y hay una nueva generaci\u00f3n de pol\u00edticos que tienen la intenci\u00f3n de hacer las trasformaciones que conlleva el Estado, tenemos el ejemplo de Wellington Arnaud, Faride Raful y Jos\u00e9 Ignacio Paliza que han hecho un magn\u00edfica labor como legisladores, as\u00ed como la gesti\u00f3n de David Collado como alcalde, por lo que estamos seguro que trabajando juntos a Luis Abinader lograremos hacer el cambio en el modelo de gobierno\u201d, expres\u00f3 Caraballo.<br>El dirigente pol\u00edtico \u00edndico que la nueva generaci\u00f3n que ser\u00e1 encabezada por Luis Abinader representa un nuevo estilo de pol\u00edtica por lo que est\u00e1 seguro que la naci\u00f3n dominicana tendr\u00e1 a partir de agosto gobierno transparente e \u00edntegro.<\/p>\n\n\n\n<p><br>Caraballo le pidi\u00f3 a la poblaci\u00f3n a no quedarse en su zona de confort el domingo cinco y con la debida protecci\u00f3n acuda a votar por otro estilo de gobierno que llevar\u00e1 el PRM en todo el pa\u00eds.<\/p>\n\n\n\n<p><br>\u201cAcudamos a votar temprano por nuestros candidatos en todo el pa\u00eds, para recatar a Rep\u00fablica Dominicana de los 16 a\u00f1os de gobiernos corruptos del PLD, como ciudadanos es nuestro deber y est\u00e1 en la oportunidad de hacer valer nuestro derecho\u201d, a\u00f1adi\u00f3 Caraballo.<\/p>\n","protected":false},"excerpt":{"rendered":"<p>El regidor por el Distrito Nacional Jos\u00e9 Caraballo, exhort\u00f3 a votar por Luis Abinader a la candidatura presidencial y Faride Raful candidata a la senadur\u00eda al Distrito Nacional por el Partido Revolucionario Moderno (PRM) y fuerzas aliadas porque representa una nueva generaci\u00f3n de hace pol\u00edtica en Rep\u00fablica Dominicana. Caraballo invito a la poblaci\u00f3n dominicana acudir [&hellip;]<\/p>\n","protected":false},"author":2,"featured_media":1144,"comment_status":"open","ping_status":"open","sticky":true,"template":"","format":"standard","meta":{"footnotes":""},"categories":[32,34],"tags":[],"class_list":{"0":"post-1143","1":"post","2":"type-post","3":"status-publish","4":"format-standard","5":"has-post-thumbnail","7":"category-actualidad","8":"category-politica"},"_links":{"self":[{"href":"https:\/\/elpueblo.com.do\/api-json\/wp\/v2\/posts\/1143","targetHints":{"allow":["GET"]}}],"collection":[{"href":"https:\/\/elpueblo.com.do\/api-json\/wp\/v2\/posts"}],"about":[{"href":"https:\/\/elpueblo.com.do\/api-json\/wp\/v2\/types\/post"}],"author":[{"embeddable":true,"href":"https:\/\/elpueblo.com.do\/api-json\/wp\/v2\/users\/2"}],"replies":[{"embeddable":true,"href":"https:\/\/elpueblo.com.do\/api-json\/wp\/v2\/comments?post=1143"}],"version-history":[{"count":0,"href":"https:\/\/elpueblo.com.do\/api-json\/wp\/v2\/posts\/1143\/revisions"}],"wp:featuredmedia":[{"embeddable":true,"href":"https:\/\/elpueblo.com.do\/api-json\/wp\/v2\/media\/1144"}],"wp:attachment":[{"href":"https:\/\/elpueblo.com.do\/api-json\/wp\/v2\/media?parent=1143"}],"wp:term":[{"taxonomy":"category","embeddable":true,"href":"https:\/\/elpueblo.com.do\/api-json\/wp\/v2\/categories?post=1143"},{"taxonomy":"post_tag","embeddable":true,"href":"https:\/\/elpueblo.com.do\/api-json\/wp\/v2\/tags?post=1143"}],"curies":[{"name":"wp","href":"https:\/\/api.w.org\/{rel}","templated":true}]}}