{"id":1130,"date":"2020-06-20T21:17:12","date_gmt":"2020-06-21T01:17:12","guid":{"rendered":"https:\/\/elpueblo.com.do\/?p=1130"},"modified":"2020-06-20T21:17:15","modified_gmt":"2020-06-21T01:17:15","slug":"carolina-mejia-y-david-collado-ratifican-su-apoyo-a-los-candidatos-del-prm-en-la-romana","status":"publish","type":"post","link":"https:\/\/elpueblo.com.do\/actualidad\/carolina-mejia-y-david-collado-ratifican-su-apoyo-a-los-candidatos-del-prm-en-la-romana\/1130\/","title":{"rendered":"Carolina Mej\u00eda y David Collado ratifican su apoyo a los candidatos del PRM en La Romana"},"content":{"rendered":"\n<p>La Romana-&nbsp;La alcaldesa del Distrito Nacional y secretaria general del PRM,&nbsp;&nbsp;Carolina Mej\u00eda, realiz\u00f3 una visita de cortes\u00eda a la provincia de La Romana Junto al exalcalde David collado, con la finalidad de brindar su apoyo a los candidatos del Partido Revolucionario Moderno (PRM). Estos son Iv\u00e1n Silva, candidato a senador y a Eugenio Cede\u00f1o, Jacqueline Fern\u00e1ndez y Nirza D\u00edaz candidatos a diputados.&nbsp;&nbsp;<br>&nbsp;<br>\u201cEs un honor para m\u00ed estar aqu\u00ed en La Romana y compartir con nuestros compa\u00f1eros del partido en este encuentro con la comunidad romanense . Asumo con mucho entusiasmo el compromiso de motivar a la poblaci\u00f3n dominicana a que voten por nuestros candidatos, ya que ellos representan un verdadero cambio\u201d expres\u00f3 Carolina Mej\u00eda.&nbsp;<br>&nbsp;<br>Mientras que Iv\u00e1n Silva agradeci\u00f3 a los presentes el respaldo a los candidatos de La Romana. \u201cGracias por acompa\u00f1arnos. Una vez m\u00e1s les recordamos que este partido es del pueblo dominicano. Este es un partido que pertenece a sus sue\u00f1os, visiones, proyectos e ilusiones en igualdad de condiciones porque somos una fuerza pol\u00edtica que tiene los mismos m\u00e9ritos y valores de nuestro l\u00edder el doctor Jos\u00e9 Francisco Pe\u00f1a G\u00f3mez y al mismo tiempo les pidi\u00f3 a todos los Romanenses a votar en la casilla n\u00famero dos por Luis Abinader como presidente en los pr\u00f3ximos comicios del 5 de julio Pr\u00f3ximo del a\u00f1o en curso \u201c coment\u00f3 Silva.&nbsp;<\/p>\n\n\n\n<p>&nbsp;<br>Finalmente el exalcalde David Collado dijo que \u201cestamos aqu\u00ed para que tengan la completa seguridad y la tranquilidad de que estamos apoyando a los candidatos de nuestro PRM\u201d . Puntualiz\u00f3.<\/p>\n","protected":false},"excerpt":{"rendered":"<p>La Romana-&nbsp;La alcaldesa del Distrito Nacional y secretaria general del PRM,&nbsp;&nbsp;Carolina Mej\u00eda, realiz\u00f3 una visita de cortes\u00eda a la provincia de La Romana Junto al exalcalde David collado, con la finalidad de brindar su apoyo a los candidatos del Partido Revolucionario Moderno (PRM). Estos son Iv\u00e1n Silva, candidato a senador y a Eugenio Cede\u00f1o, Jacqueline [&hellip;]<\/p>\n","protected":false},"author":2,"featured_media":1133,"comment_status":"open","ping_status":"open","sticky":true,"template":"","format":"standard","meta":{"footnotes":""},"categories":[32,34],"tags":[],"class_list":{"0":"post-1130","1":"post","2":"type-post","3":"status-publish","4":"format-standard","5":"has-post-thumbnail","7":"category-actualidad","8":"category-politica"},"_links":{"self":[{"href":"https:\/\/elpueblo.com.do\/api-json\/wp\/v2\/posts\/1130","targetHints":{"allow":["GET"]}}],"collection":[{"href":"https:\/\/elpueblo.com.do\/api-json\/wp\/v2\/posts"}],"about":[{"href":"https:\/\/elpueblo.com.do\/api-json\/wp\/v2\/types\/post"}],"author":[{"embeddable":true,"href":"https:\/\/elpueblo.com.do\/api-json\/wp\/v2\/users\/2"}],"replies":[{"embeddable":true,"href":"https:\/\/elpueblo.com.do\/api-json\/wp\/v2\/comments?post=1130"}],"version-history":[{"count":0,"href":"https:\/\/elpueblo.com.do\/api-json\/wp\/v2\/posts\/1130\/revisions"}],"wp:featuredmedia":[{"embeddable":true,"href":"https:\/\/elpueblo.com.do\/api-json\/wp\/v2\/media\/1133"}],"wp:attachment":[{"href":"https:\/\/elpueblo.com.do\/api-json\/wp\/v2\/media?parent=1130"}],"wp:term":[{"taxonomy":"category","embeddable":true,"href":"https:\/\/elpueblo.com.do\/api-json\/wp\/v2\/categories?post=1130"},{"taxonomy":"post_tag","embeddable":true,"href":"https:\/\/elpueblo.com.do\/api-json\/wp\/v2\/tags?post=1130"}],"curies":[{"name":"wp","href":"https:\/\/api.w.org\/{rel}","templated":true}]}}