{"id":1126,"date":"2020-06-18T13:22:45","date_gmt":"2020-06-18T17:22:45","guid":{"rendered":"https:\/\/elpueblo.com.do\/?p=1126"},"modified":"2020-06-18T13:22:49","modified_gmt":"2020-06-18T17:22:49","slug":"peledeistas-perredeistas-y-de-otros-partidos-apoyan-a-luis-abinader-a-traves-de-victoria-electoral","status":"publish","type":"post","link":"https:\/\/elpueblo.com.do\/actualidad\/peledeistas-perredeistas-y-de-otros-partidos-apoyan-a-luis-abinader-a-traves-de-victoria-electoral\/1126\/","title":{"rendered":"Pelede\u00edstas, perrede\u00edstas y de otros partidos apoyan a Luis Abinader a trav\u00e9s de Victoria Electoral"},"content":{"rendered":"\n<p>Tambi\u00e9n se juramentaron simult\u00e1neamente, excandidatos a directores de Distritos y regidores de la fuerza del Pueblo y el PRI en San Juan y la Romana.<\/p>\n\n\n\n<p>El coordinador nacional del movimiento pol\u00edtico Victoria Electoral, Luis Presidente 2020, V\u00edctor Atallah, jurament\u00f3 en la sede central de esa organizaci\u00f3n, cientos de perrede\u00edstas del municipio Santo Domingo Norte, que decidieron abandonar el partido del \u201cjacho\u201d encendido, y apoyar el candidato presidencial del Partido Revolucionario Moderno, PRM, a trav\u00e9s de dicho movimiento.<img decoding=\"async\" width=\"150\" height=\"113\" class=\"wp-image-1128 lazyload\" style=\"--smush-placeholder-width: 150px; --smush-placeholder-aspect-ratio: 150\/113;width: 150px;\" data-src=\"https:\/\/elpueblo.com.do\/archivos\/2020\/06\/IMG-20200618-WA0028.jpg\" alt=\"\" data-srcset=\"https:\/\/elpueblo.com.do\/archivos\/2020\/06\/IMG-20200618-WA0028.jpg 1280w, https:\/\/elpueblo.com.do\/archivos\/2020\/06\/IMG-20200618-WA0028-300x225.jpg 300w, https:\/\/elpueblo.com.do\/archivos\/2020\/06\/IMG-20200618-WA0028-1024x768.jpg 1024w, https:\/\/elpueblo.com.do\/archivos\/2020\/06\/IMG-20200618-WA0028-768x576.jpg 768w, https:\/\/elpueblo.com.do\/archivos\/2020\/06\/IMG-20200618-WA0028-696x522.jpg 696w, https:\/\/elpueblo.com.do\/archivos\/2020\/06\/IMG-20200618-WA0028-1068x801.jpg 1068w, https:\/\/elpueblo.com.do\/archivos\/2020\/06\/IMG-20200618-WA0028-560x420.jpg 560w, https:\/\/elpueblo.com.do\/archivos\/2020\/06\/IMG-20200618-WA0028-80x60.jpg 80w, https:\/\/elpueblo.com.do\/archivos\/2020\/06\/IMG-20200618-WA0028-265x198.jpg 265w\" data-sizes=\"(max-width: 150px) 100vw, 150px\" src=\"data:image\/svg+xml;base64,PHN2ZyB3aWR0aD0iMSIgaGVpZ2h0PSIxIiB4bWxucz0iaHR0cDovL3d3dy53My5vcmcvMjAwMC9zdmciPjwvc3ZnPg==\" \/><\/p>\n\n\n\n<p>Atallah, quien forma parte del Gabinete Presidencial de Luis Abinader, al hacer uso de la palabra, les dio la bienvenida a los renunciantes y les expres\u00f3, que Victoria Electoral, m\u00e1s que un movimiento pol\u00edtico, es una organizaci\u00f3n social que naci\u00f3 para consolidar el triunfo de Luis Abinader en primera vuelta el cinco de julio, agrupando a todos los dominicanos a fin con el cambio que requiere la sociedad.<\/p>\n\n\n\n<p>Asimismo, indic\u00f3 que Luis Abinader, de quien no tiene dudas ser\u00e1 el pr\u00f3ximo presidente de la Rep\u00fablica, es consciente del trabajo que han venido realizando los integrantes de Victoria Electoral, y que en tal sentido, reconoce que ese movimiento es el que garantiza, que el PRM, logre una victoria contundente en la primera vuelta en las pr\u00f3ximas elecciones.<\/p>\n\n\n\n<p>El m\u00e9dico, pidi\u00f3 a los juramentados, aunar esfuerzos con los dem\u00e1s integrantes del movimiento, ya que, solo con trabajo, entrega y sacrificio, podr\u00e1n cosechar los frutos el pr\u00f3ximo cinco de julio, porque, no obstante \u201cla popularidad y las simpat\u00edas sobradas del candidato perreme\u00edsta, la victoria se construye d\u00eda por d\u00eda, haciendo lo que hay que hacer\u201d enfatiz\u00f3.<\/p>\n\n\n\n<p>De igual forma, fueron juramentados, simult\u00e1neamente, en la provincia San Juan de la Maguana por el coordinador Regional Sur Eulalio Ram\u00edrez, el excandidato a director Distrital de Las Zanjas por la Fuerza del Pueblo, Juan Sol\u00eds y el excandidato por el Partido de la Liberaci\u00f3n Dominicana PLD a la misma posici\u00f3n, Francis Arnaud, mientras que en la Romana se jurament\u00f3 una excandidata regidora por el PRI, as\u00ed como, otros importantes dirigentes.<\/p>\n\n\n\n<p>Adem\u00e1s de V\u00edctor Atallah estuvieron presentes Fredy Fern\u00e1ndez director ejecutivo de Victoria Electoral, tambi\u00e9n Mesac D\u00edaz subcoordinador, Robert Acosta subdirector ejecutivo, Elmis Pi\u00f1a y otros integrantes de la direcci\u00f3n nacional de la organizaci\u00f3n.<\/p>\n\n\n\n<p>Entre los juramentados de Santo Domingo Norte, resaltan, Julio Cesar Mari\u00f1ez Pascual de Jes\u00fas, Aneury Brito, Humberto Rosario Bel\u00e9n, Osvaldo Guti\u00e9rrez, Abrah\u00e1n D\u00edaz Mart\u00ednez, Sixto Nolasco, todos exmiembros de la Regi\u00f3n Norte 3 del referido municipio y expresidentes zonales del Partido Revolucionario Dominicano.<\/p>\n","protected":false},"excerpt":{"rendered":"<p>Tambi\u00e9n se juramentaron simult\u00e1neamente, excandidatos a directores de Distritos y regidores de la fuerza del Pueblo y el PRI en San Juan y la Romana. El coordinador nacional del movimiento pol\u00edtico Victoria Electoral, Luis Presidente 2020, V\u00edctor Atallah, jurament\u00f3 en la sede central de esa organizaci\u00f3n, cientos de perrede\u00edstas del municipio Santo Domingo Norte, que [&hellip;]<\/p>\n","protected":false},"author":2,"featured_media":1127,"comment_status":"open","ping_status":"open","sticky":true,"template":"","format":"standard","meta":{"footnotes":""},"categories":[32,34],"tags":[],"class_list":{"0":"post-1126","1":"post","2":"type-post","3":"status-publish","4":"format-standard","5":"has-post-thumbnail","7":"category-actualidad","8":"category-politica"},"_links":{"self":[{"href":"https:\/\/elpueblo.com.do\/api-json\/wp\/v2\/posts\/1126","targetHints":{"allow":["GET"]}}],"collection":[{"href":"https:\/\/elpueblo.com.do\/api-json\/wp\/v2\/posts"}],"about":[{"href":"https:\/\/elpueblo.com.do\/api-json\/wp\/v2\/types\/post"}],"author":[{"embeddable":true,"href":"https:\/\/elpueblo.com.do\/api-json\/wp\/v2\/users\/2"}],"replies":[{"embeddable":true,"href":"https:\/\/elpueblo.com.do\/api-json\/wp\/v2\/comments?post=1126"}],"version-history":[{"count":0,"href":"https:\/\/elpueblo.com.do\/api-json\/wp\/v2\/posts\/1126\/revisions"}],"wp:featuredmedia":[{"embeddable":true,"href":"https:\/\/elpueblo.com.do\/api-json\/wp\/v2\/media\/1127"}],"wp:attachment":[{"href":"https:\/\/elpueblo.com.do\/api-json\/wp\/v2\/media?parent=1126"}],"wp:term":[{"taxonomy":"category","embeddable":true,"href":"https:\/\/elpueblo.com.do\/api-json\/wp\/v2\/categories?post=1126"},{"taxonomy":"post_tag","embeddable":true,"href":"https:\/\/elpueblo.com.do\/api-json\/wp\/v2\/tags?post=1126"}],"curies":[{"name":"wp","href":"https:\/\/api.w.org\/{rel}","templated":true}]}}