{"id":1123,"date":"2020-06-16T22:27:13","date_gmt":"2020-06-17T02:27:13","guid":{"rendered":"https:\/\/elpueblo.com.do\/?p=1123"},"modified":"2020-06-16T22:27:17","modified_gmt":"2020-06-17T02:27:17","slug":"ivan-silva-dice-encabeza-encuesta-en-la-romana-con-un-48-9-y-ganaria-senaduria-por-el-prm","status":"publish","type":"post","link":"https:\/\/elpueblo.com.do\/actualidad\/ivan-silva-dice-encabeza-encuesta-en-la-romana-con-un-48-9-y-ganaria-senaduria-por-el-prm\/1123\/","title":{"rendered":"Iv\u00e1n Silva dice encabeza encuesta en La Romana con un 48.9 % y ganar\u00eda senadur\u00eda por el PRM"},"content":{"rendered":"\n<p>LA ROMANA \u2013 El candidato a senador en esta provincia doctor Iv\u00e1n Silva por el Partido Revolucionario Moderno (PRM) firm\u00f3 que es el favorito para ganar las elecciones del pr\u00f3ximo 5 de julio con un porcentaje de 48.9%<br>El tambi\u00e9n vicepresidente del PRM en dicha demarcaci\u00f3n enfatiz\u00f3 que est\u00e1 puntero en las encuestas realizadas en la provincia perteneciente al este del pa\u00eds con un 48.9% de la simpat\u00eda de los electores.<\/p>\n\n\n\n<p>Iv\u00e1n Silva dijo que se mantiene en las calles trabajando con todo su equipo y asegur\u00f3 que est\u00e1 por encima de sus dos adversarios, Amarilis Santana con un 23 % por ciento por el Partido de la Liberaci\u00f3n Dominicana (PLD), y Frank Mart\u00ednez por el Partido Reformista Social Cristiano (PRSC), quien afirma ocupa la tercera posici\u00f3n con un 22\u00a0 por ciento.<\/p>\n\n\n\n<p><br>Una nota enviada a El Nuevo Diario por el equipo de prensa de Silva, aclara que el \u00fanico candidato que representa la casilla del PRM en la provincia de La Romana es el doctor Iv\u00e1n Silva, que desde que sali\u00f3 a las calles a visitar a los mun\u00edcipes se ha ganado el cari\u00f1o y la simpat\u00eda de todos los romanenses.<\/p>\n\n\n\n<p><br>El destacado galeno reafirma que se mantiene como favorito en todos los municipios de la provincia La Romana, como Guaymate, Villa Hermosa, y el municipio cabecera de la llamada flor del este.<br>Silva tambi\u00e9n es el candidato favorito de todos los moradores de los diferentes distritos municipales de la provincia La Romana, agrega la nota de prensa.<\/p>\n","protected":false},"excerpt":{"rendered":"<p>LA ROMANA \u2013 El candidato a senador en esta provincia doctor Iv\u00e1n Silva por el Partido Revolucionario Moderno (PRM) firm\u00f3 que es el favorito para ganar las elecciones del pr\u00f3ximo 5 de julio con un porcentaje de 48.9%El tambi\u00e9n vicepresidente del PRM en dicha demarcaci\u00f3n enfatiz\u00f3 que est\u00e1 puntero en las encuestas realizadas en la [&hellip;]<\/p>\n","protected":false},"author":2,"featured_media":1124,"comment_status":"open","ping_status":"open","sticky":true,"template":"","format":"standard","meta":{"footnotes":""},"categories":[32,34],"tags":[],"class_list":{"0":"post-1123","1":"post","2":"type-post","3":"status-publish","4":"format-standard","5":"has-post-thumbnail","7":"category-actualidad","8":"category-politica"},"_links":{"self":[{"href":"https:\/\/elpueblo.com.do\/api-json\/wp\/v2\/posts\/1123","targetHints":{"allow":["GET"]}}],"collection":[{"href":"https:\/\/elpueblo.com.do\/api-json\/wp\/v2\/posts"}],"about":[{"href":"https:\/\/elpueblo.com.do\/api-json\/wp\/v2\/types\/post"}],"author":[{"embeddable":true,"href":"https:\/\/elpueblo.com.do\/api-json\/wp\/v2\/users\/2"}],"replies":[{"embeddable":true,"href":"https:\/\/elpueblo.com.do\/api-json\/wp\/v2\/comments?post=1123"}],"version-history":[{"count":0,"href":"https:\/\/elpueblo.com.do\/api-json\/wp\/v2\/posts\/1123\/revisions"}],"wp:featuredmedia":[{"embeddable":true,"href":"https:\/\/elpueblo.com.do\/api-json\/wp\/v2\/media\/1124"}],"wp:attachment":[{"href":"https:\/\/elpueblo.com.do\/api-json\/wp\/v2\/media?parent=1123"}],"wp:term":[{"taxonomy":"category","embeddable":true,"href":"https:\/\/elpueblo.com.do\/api-json\/wp\/v2\/categories?post=1123"},{"taxonomy":"post_tag","embeddable":true,"href":"https:\/\/elpueblo.com.do\/api-json\/wp\/v2\/tags?post=1123"}],"curies":[{"name":"wp","href":"https:\/\/api.w.org\/{rel}","templated":true}]}}