{"id":1118,"date":"2020-06-15T16:01:08","date_gmt":"2020-06-15T20:01:08","guid":{"rendered":"https:\/\/elpueblo.com.do\/?p=1118"},"modified":"2020-06-15T16:01:11","modified_gmt":"2020-06-15T20:01:11","slug":"comision-tecnica-para-el-cambio-realiza-reunion-con-dirigentes-comunitarios-en-san-jose-de-ocoa","status":"publish","type":"post","link":"https:\/\/elpueblo.com.do\/actualidad\/politica\/comision-tecnica-para-el-cambio-realiza-reunion-con-dirigentes-comunitarios-en-san-jose-de-ocoa\/1118\/","title":{"rendered":"Comisi\u00f3n T\u00e9cnica para el Cambio realiza reuni\u00f3n con dirigentes comunitarios en San Jos\u00e9 de Ocoa"},"content":{"rendered":"\n<p>San Jos\u00e9 de Ocoa- La Comisi\u00f3n T\u00e9cnica para el Cambio (CTC) del Partido Revolucionario Moderno (PRM), sostuvo un encuentro con los l\u00edderes comunitarios, miembros y dirigentes del Partido, durante un acto pol\u00edtico realizado en la comunidad El Naranjal del municipio de San Jos\u00e9 de Ocoa.<\/p>\n\n\n\n<p>El escenario sirvi\u00f3 para evaluar las obras prioritarias y los proyectos que amerita el municipio, los cuales ser\u00e1n ejecutados dentro del plan de gobierno del candidato a la presidencia de La Rep\u00fablica, Luis Abinader Corona. Algunos de estos proyectos son: la construcci\u00f3n de caminos vecinales, viviendas de bajo costo y oficinas gubernamentales para dicha demarcaci\u00f3n.<\/p>\n\n\n\n<p>Carmen Abreu, quien es la secretaria general del PRM, durante el acto habl\u00f3 sobre las problem\u00e1ticas de la comunidad.<\/p>\n\n\n\n<p>En la actividad estuvieron presentes el ingeniero Aneury Tejeda, representante de la CTC en la comunidad del Naranjal, Ocoa; Roberto Herrera, cooordinandor general de la CTC, en representaci\u00f3n de Deligne Ascensi\u00f3n (secretario nacional de organizaci\u00f3n y jefe operativo de la campa\u00f1a de Luis Abinader; Yary Encarnaci\u00f3n, candidata a diputada,<br>y Elvin B\u00e1ez, organizador y supervisor del Naranjal de la Ruta Solidaria.<\/p>\n\n\n\n<p><strong><em>Cabe resaltar, que en un principio, la Comisi\u00f3n T\u00e9cnica para el Cambio \u00a0se encarg\u00f3 de evaluar y recomendar las obras que se har\u00e1n a nivel nacional durante el \u00a0programa de Gobierno de Luis Abinader.<\/em> <\/strong>En este momento, la CTC est\u00e1 centrada en captar los votos que son necesarios para decidir el triunfo en las pr\u00f3ximas elecciones.<\/p>\n","protected":false},"excerpt":{"rendered":"<p>San Jos\u00e9 de Ocoa- La Comisi\u00f3n T\u00e9cnica para el Cambio (CTC) del Partido Revolucionario Moderno (PRM), sostuvo un encuentro con los l\u00edderes comunitarios, miembros y dirigentes del Partido, durante un acto pol\u00edtico realizado en la comunidad El Naranjal del municipio de San Jos\u00e9 de Ocoa. El escenario sirvi\u00f3 para evaluar las obras prioritarias y los [&hellip;]<\/p>\n","protected":false},"author":2,"featured_media":1119,"comment_status":"open","ping_status":"open","sticky":true,"template":"","format":"standard","meta":{"footnotes":""},"categories":[34],"tags":[],"class_list":{"0":"post-1118","1":"post","2":"type-post","3":"status-publish","4":"format-standard","5":"has-post-thumbnail","7":"category-politica"},"_links":{"self":[{"href":"https:\/\/elpueblo.com.do\/api-json\/wp\/v2\/posts\/1118","targetHints":{"allow":["GET"]}}],"collection":[{"href":"https:\/\/elpueblo.com.do\/api-json\/wp\/v2\/posts"}],"about":[{"href":"https:\/\/elpueblo.com.do\/api-json\/wp\/v2\/types\/post"}],"author":[{"embeddable":true,"href":"https:\/\/elpueblo.com.do\/api-json\/wp\/v2\/users\/2"}],"replies":[{"embeddable":true,"href":"https:\/\/elpueblo.com.do\/api-json\/wp\/v2\/comments?post=1118"}],"version-history":[{"count":0,"href":"https:\/\/elpueblo.com.do\/api-json\/wp\/v2\/posts\/1118\/revisions"}],"wp:featuredmedia":[{"embeddable":true,"href":"https:\/\/elpueblo.com.do\/api-json\/wp\/v2\/media\/1119"}],"wp:attachment":[{"href":"https:\/\/elpueblo.com.do\/api-json\/wp\/v2\/media?parent=1118"}],"wp:term":[{"taxonomy":"category","embeddable":true,"href":"https:\/\/elpueblo.com.do\/api-json\/wp\/v2\/categories?post=1118"},{"taxonomy":"post_tag","embeddable":true,"href":"https:\/\/elpueblo.com.do\/api-json\/wp\/v2\/tags?post=1118"}],"curies":[{"name":"wp","href":"https:\/\/api.w.org\/{rel}","templated":true}]}}