{"id":1110,"date":"2020-06-11T09:54:28","date_gmt":"2020-06-11T13:54:28","guid":{"rendered":"https:\/\/elpueblo.com.do\/?p=1110"},"modified":"2020-06-11T09:54:32","modified_gmt":"2020-06-11T13:54:32","slug":"luis-abinader-da-positivo-al-covid-19","status":"publish","type":"post","link":"https:\/\/elpueblo.com.do\/actualidad\/luis-abinader-da-positivo-al-covid-19\/1110\/","title":{"rendered":"Luis Abinader da positivo al COVID-19"},"content":{"rendered":"\n<p>El candidato presidencial del Partido Revolucionario Moderno (PRM), Luis Abinader, inform\u00f3 esta noche que al hacerse en horas de la ma\u00f1ana de hoy las pruebas que acostumbra a realizarse frecuentemente, dio positivo de COVID 19.<\/p>\n\n\n\n<p>\u00abTengo COVID-19 y estoy tomando las medidas recomendadas por los m\u00e9dicos para cuidar a los dem\u00e1s. Gracias a Dios, ellos proyectan una recuperaci\u00f3n r\u00e1pida, ya que no soy un paciente de alto riesgo\u00bb, expres\u00f3 en un escueto discurso dirigido al pa\u00eds para dar a conocer la informaci\u00f3n.<\/p>\n\n\n\n<p>Sostuvo, sin embargo, que se mantendr\u00e1 m\u00e1s comunicado que nunca con las personas a trav\u00e9s de los medios de comunicaci\u00f3n, las redes sociales. Adem\u00e1s, dijo que la direcci\u00f3n de su campa\u00f1a mantendr\u00e1 varios frentes de trabajo simult\u00e1neo.<\/p>\n\n\n\n<p>\u00abEst\u00e9n todos tranquilos, porque con la ayuda de Dios vamos a recuperarnos r\u00e1pidamente y seguiremos concluyendo el cambio que el pa\u00eds necesita, que Dios lo bendiga\u00bb, concluy\u00f3.<\/p>\n\n\n\n<p>Posibles causas.&nbsp;Abinader explic\u00f3 que tras iniciarse en el pa\u00eds las acciones para contrarrestar los devastadores efectos de la epidemia de Coronavirus, empez\u00f3 &nbsp;a realizar una Ruta Solidaria recorriendo todo el pa\u00eds llevando medicamentos, material de protecci\u00f3n de salud para personal m\u00e9dico y &nbsp;ciudadanos en general, a trav\u00e9s de las iglesias cat\u00f3lica y evang\u00e9lica, hospitales y organizaciones comunitarias.<\/p>\n\n\n\n<p>Dijo que debido a esas actividades desarroll\u00f3 protocolos sanitarios que inclu\u00edan exhaustivas pruebas semanales, gracias a las cuales se detect\u00f3 hoy que tiene el contagio.<\/p>\n\n\n\n<p>Abinader dijo que ofrec\u00eda la informaci\u00f3n al pueblo porque ha sido su norma la transparencia y la claridad en todo lo relacionado con su desempe\u00f1o, como corresponde a los dirigentes pol\u00edticos.<\/p>\n\n\n\n<p>Insisti\u00f3 en que su condici\u00f3n de salud no presenta ning\u00fan s\u00edntoma adicional relevante, por lo que espera en unos pocos d\u00edas pueda superar la enfermedad que ha afectado a miles de dominicanos.<\/p>\n","protected":false},"excerpt":{"rendered":"<p>El candidato presidencial del Partido Revolucionario Moderno (PRM), Luis Abinader, inform\u00f3 esta noche que al hacerse en horas de la ma\u00f1ana de hoy las pruebas que acostumbra a realizarse frecuentemente, dio positivo de COVID 19. \u00abTengo COVID-19 y estoy tomando las medidas recomendadas por los m\u00e9dicos para cuidar a los dem\u00e1s. Gracias a Dios, ellos [&hellip;]<\/p>\n","protected":false},"author":2,"featured_media":984,"comment_status":"open","ping_status":"open","sticky":true,"template":"","format":"standard","meta":{"footnotes":""},"categories":[32,34,37],"tags":[250],"class_list":{"0":"post-1110","1":"post","2":"type-post","3":"status-publish","4":"format-standard","5":"has-post-thumbnail","7":"category-actualidad","8":"category-politica","9":"category-salud","10":"tag-luis-abinader-da-positivo-al-covid-19"},"_links":{"self":[{"href":"https:\/\/elpueblo.com.do\/api-json\/wp\/v2\/posts\/1110","targetHints":{"allow":["GET"]}}],"collection":[{"href":"https:\/\/elpueblo.com.do\/api-json\/wp\/v2\/posts"}],"about":[{"href":"https:\/\/elpueblo.com.do\/api-json\/wp\/v2\/types\/post"}],"author":[{"embeddable":true,"href":"https:\/\/elpueblo.com.do\/api-json\/wp\/v2\/users\/2"}],"replies":[{"embeddable":true,"href":"https:\/\/elpueblo.com.do\/api-json\/wp\/v2\/comments?post=1110"}],"version-history":[{"count":0,"href":"https:\/\/elpueblo.com.do\/api-json\/wp\/v2\/posts\/1110\/revisions"}],"wp:featuredmedia":[{"embeddable":true,"href":"https:\/\/elpueblo.com.do\/api-json\/wp\/v2\/media\/984"}],"wp:attachment":[{"href":"https:\/\/elpueblo.com.do\/api-json\/wp\/v2\/media?parent=1110"}],"wp:term":[{"taxonomy":"category","embeddable":true,"href":"https:\/\/elpueblo.com.do\/api-json\/wp\/v2\/categories?post=1110"},{"taxonomy":"post_tag","embeddable":true,"href":"https:\/\/elpueblo.com.do\/api-json\/wp\/v2\/tags?post=1110"}],"curies":[{"name":"wp","href":"https:\/\/api.w.org\/{rel}","templated":true}]}}