{"id":1105,"date":"2020-06-08T08:41:46","date_gmt":"2020-06-08T12:41:46","guid":{"rendered":"https:\/\/elpueblo.com.do\/?p=1105"},"modified":"2020-06-08T08:41:49","modified_gmt":"2020-06-08T12:41:49","slug":"proceso-de-adaptacion-ante-la-covidianidad","status":"publish","type":"post","link":"https:\/\/elpueblo.com.do\/actualidad\/proceso-de-adaptacion-ante-la-covidianidad\/1105\/","title":{"rendered":"Proceso de adaptaci\u00f3n ante la covidianidad"},"content":{"rendered":"\n<p>Este nuevo proceso que empezamos a vivir sobre la pandemia del covid-19, muchos le llaman covidianidad, que no es m\u00e1s que cotidianidad, pero esta vez con un ingrediente y es, estar bajo las amenazas de un virus sin vacunas y con cientos de dudas e incertidumbres, nos hemos visto obligados a ceder o renunciar a parte de nuestra libertad, pero tambi\u00e9n nos invita a reinventarnos y ser m\u00e1s conscientes de nuestras responsabilidades con el entorno.<\/p>\n\n\n\n<p>\u00bfY ahora qu\u00e9?, esta pregunta pasa por mi cabeza ya que muchas empresas empezaron a laborar normal, el transporte p\u00fablico y la mayor\u00eda de los comercios, porque entendemos que la vida tiene que continuar ya que las cuentas no paran y las deudas aumentan, pero realmente estamos preparados para este nuevo proceso, adaptarnos a las medidas de higiene constante o el uso de mascarilla como una prenda m\u00e1s de vestir, y es justo ah\u00ed donde empieza el proceso real de adaptaci\u00f3n.<\/p>\n\n\n\n<p>La adaptaci\u00f3n es, en sociolog\u00eda y psicolog\u00eda, el proceso por el cual un grupo o un individuo modifica sus patrones de comportamiento para ajustarse a las normas imperantes en el medio social en el que se mueve. Est\u00e1 demostrado que si la respuesta ante un suceso vital estresante o con una gran carga emocional no es adaptativa se corre el riesgo de sufrir un trastorno de adaptaci\u00f3n.<\/p>\n\n\n\n<p>El Trastorno de adaptaci\u00f3n (TA) que el DSM-V define como una reacci\u00f3n de desajuste a una situaci\u00f3n psicosocial estresante, desarroll\u00e1ndose un conjunto de s\u00edntomas emocionales o conductuales y cuyas manifestaciones cl\u00ednicas pueden incluir estados de \u00e1nimo depresivo (sentimientos de tristeza y desesperanza), ansiedad, preocupaci\u00f3n, sentimiento de incapacidad para afrontar los problemas, de planificar el futuro o de poder continuar en la situaci\u00f3n presente y un cierto grado de deterioro del c\u00f3mo se lleva a cabo la rutina diaria.<\/p>\n\n\n\n<p><strong>Lic. Ana Santiago<br>Psic\u00f3loga cl\u00ednica<\/strong><\/p>\n","protected":false},"excerpt":{"rendered":"<p>Este nuevo proceso que empezamos a vivir sobre la pandemia del covid-19, muchos le llaman covidianidad, que no es m\u00e1s que cotidianidad, pero esta vez con un ingrediente y es, estar bajo las amenazas de un virus sin vacunas y con cientos de dudas e incertidumbres, nos hemos visto obligados a ceder o renunciar a [&hellip;]<\/p>\n","protected":false},"author":2,"featured_media":1002,"comment_status":"open","ping_status":"open","sticky":true,"template":"","format":"standard","meta":{"footnotes":""},"categories":[32,37],"tags":[],"class_list":{"0":"post-1105","1":"post","2":"type-post","3":"status-publish","4":"format-standard","5":"has-post-thumbnail","7":"category-actualidad","8":"category-salud"},"_links":{"self":[{"href":"https:\/\/elpueblo.com.do\/api-json\/wp\/v2\/posts\/1105","targetHints":{"allow":["GET"]}}],"collection":[{"href":"https:\/\/elpueblo.com.do\/api-json\/wp\/v2\/posts"}],"about":[{"href":"https:\/\/elpueblo.com.do\/api-json\/wp\/v2\/types\/post"}],"author":[{"embeddable":true,"href":"https:\/\/elpueblo.com.do\/api-json\/wp\/v2\/users\/2"}],"replies":[{"embeddable":true,"href":"https:\/\/elpueblo.com.do\/api-json\/wp\/v2\/comments?post=1105"}],"version-history":[{"count":0,"href":"https:\/\/elpueblo.com.do\/api-json\/wp\/v2\/posts\/1105\/revisions"}],"wp:featuredmedia":[{"embeddable":true,"href":"https:\/\/elpueblo.com.do\/api-json\/wp\/v2\/media\/1002"}],"wp:attachment":[{"href":"https:\/\/elpueblo.com.do\/api-json\/wp\/v2\/media?parent=1105"}],"wp:term":[{"taxonomy":"category","embeddable":true,"href":"https:\/\/elpueblo.com.do\/api-json\/wp\/v2\/categories?post=1105"},{"taxonomy":"post_tag","embeddable":true,"href":"https:\/\/elpueblo.com.do\/api-json\/wp\/v2\/tags?post=1105"}],"curies":[{"name":"wp","href":"https:\/\/api.w.org\/{rel}","templated":true}]}}