{"id":1099,"date":"2020-06-07T06:49:28","date_gmt":"2020-06-07T10:49:28","guid":{"rendered":"https:\/\/elpueblo.com.do\/?p=1099"},"modified":"2020-06-07T06:49:32","modified_gmt":"2020-06-07T10:49:32","slug":"ambioris-rossis-llama-ocoenos-a-votar-por-el-prm","status":"publish","type":"post","link":"https:\/\/elpueblo.com.do\/actualidad\/ambioris-rossis-llama-ocoenos-a-votar-por-el-prm\/1099\/","title":{"rendered":"Ambioris Rossis llama Ocoe\u00f1os a votar por el PRM"},"content":{"rendered":"\n<p>En este s\u00e1bado 6 de junio en medio de un recorrido del candidato presidencial del PRM y fuerzas aliadas Lu\u00eds Abinader, gir\u00f3 una visita al empresario y pol\u00edtico de Ocoa Ambioris Rossis pidi\u00f3 a toda la provincia votar masivamente por el PRM, para con ello confirmar la contundente victoria el d\u00eda 5 de julio del presente a\u00f1o.<\/p>\n\n\n\n<p>Para el respetado y querido provinciano Ambioris Rossis, resulta necesario unir voluntades y asumir el compromiso de apoyo a un hombre de las condiciones del Lic. Lu\u00eds Abinader, en el entendido de que se crear\u00e1n las condiciones para lograr un mayor nivel de desarrollo<\/p>\n\n\n\n<p>Reiter\u00f3 ante todos, su condici\u00f3n de perremeista y eso lo demuestra su disposici\u00f3n a sacrificarse para que no exista dudas de que en Ocoa, soplan vientos de esperanza y en tal sentido no hay la m\u00e1s m\u00ednima duda qu\u00e9 en Ocoa y todo el pa\u00eds El Cambio Va!!!<\/p>\n","protected":false},"excerpt":{"rendered":"<p>En este s\u00e1bado 6 de junio en medio de un recorrido del candidato presidencial del PRM y fuerzas aliadas Lu\u00eds Abinader, gir\u00f3 una visita al empresario y pol\u00edtico de Ocoa Ambioris Rossis pidi\u00f3 a toda la provincia votar masivamente por el PRM, para con ello confirmar la contundente victoria el d\u00eda 5 de julio del [&hellip;]<\/p>\n","protected":false},"author":2,"featured_media":1100,"comment_status":"open","ping_status":"open","sticky":true,"template":"","format":"standard","meta":{"footnotes":""},"categories":[32,34],"tags":[],"class_list":{"0":"post-1099","1":"post","2":"type-post","3":"status-publish","4":"format-standard","5":"has-post-thumbnail","7":"category-actualidad","8":"category-politica"},"_links":{"self":[{"href":"https:\/\/elpueblo.com.do\/api-json\/wp\/v2\/posts\/1099","targetHints":{"allow":["GET"]}}],"collection":[{"href":"https:\/\/elpueblo.com.do\/api-json\/wp\/v2\/posts"}],"about":[{"href":"https:\/\/elpueblo.com.do\/api-json\/wp\/v2\/types\/post"}],"author":[{"embeddable":true,"href":"https:\/\/elpueblo.com.do\/api-json\/wp\/v2\/users\/2"}],"replies":[{"embeddable":true,"href":"https:\/\/elpueblo.com.do\/api-json\/wp\/v2\/comments?post=1099"}],"version-history":[{"count":0,"href":"https:\/\/elpueblo.com.do\/api-json\/wp\/v2\/posts\/1099\/revisions"}],"wp:featuredmedia":[{"embeddable":true,"href":"https:\/\/elpueblo.com.do\/api-json\/wp\/v2\/media\/1100"}],"wp:attachment":[{"href":"https:\/\/elpueblo.com.do\/api-json\/wp\/v2\/media?parent=1099"}],"wp:term":[{"taxonomy":"category","embeddable":true,"href":"https:\/\/elpueblo.com.do\/api-json\/wp\/v2\/categories?post=1099"},{"taxonomy":"post_tag","embeddable":true,"href":"https:\/\/elpueblo.com.do\/api-json\/wp\/v2\/tags?post=1099"}],"curies":[{"name":"wp","href":"https:\/\/api.w.org\/{rel}","templated":true}]}}