{"id":1095,"date":"2020-06-05T11:58:38","date_gmt":"2020-06-05T15:58:38","guid":{"rendered":"https:\/\/elpueblo.com.do\/?p=1095"},"modified":"2020-06-05T11:58:42","modified_gmt":"2020-06-05T15:58:42","slug":"victor-atallah-dice-que-luis-abinader-dara-una-tarjeta-de-solidaridad-llamada-la-doble","status":"publish","type":"post","link":"https:\/\/elpueblo.com.do\/actualidad\/victor-atallah-dice-que-luis-abinader-dara-una-tarjeta-de-solidaridad-llamada-la-doble\/1095\/","title":{"rendered":"V\u00edctor Atallah dice que Luis Abinader dar\u00e1 una tarjeta de solidaridad llamada \u201cLa Doble\u201d"},"content":{"rendered":"\n<p>El coordinador nacional del movimiento pol\u00edtico Victoria Electoral Luis Presidente 2020, V\u00edctor Atallah, afirm\u00f3 este viernes que en el gobierno que asegura encabezar\u00e1 Luis Abinader a partir del 16 de agosto del presente a\u00f1o, se relanzar\u00e1n los programas de ayudas sociales con la implementaci\u00f3n de la denominada tarjeta solidaridad \u201cLa doble\u201d, una iniciativa que busca disminuir los niveles de la pobreza en el pa\u00eds.<br><\/p>\n\n\n\n<p>Atallah explic\u00f3, que todos los beneficiarios que al d\u00eda de hoy reciben est\u00e1 ayuda, continuar\u00e1n recibi\u00e9ndolas en el gobierno que encabezar\u00e1 Luis Abinader y que los mismos estar\u00edan recibiendo el doble de recursos que en actualmente les brinda la tarjeta solidaridad.<br><\/p>\n\n\n\n<p>\u201cLa Doble\u201d como su nombre lo dice, ser\u00e1 una tarjeta, que duplicar\u00e1 las ayudas actuales que tiene la tarjeta solidaridad, e incluir\u00e1 a m\u00e1s familias, estudiantes, amas de casa, madres solteras, desempleados, ancianos, discapacitados, y a todo aquel en necesidad, ya que con los planes actuales no les alcanza lo suficiente, debido a los altos precios de la canasta b\u00e1sica familiar y a que muchos en necesidad, no la reciben, indic\u00f3 Atallah.<br><\/p>\n\n\n\n<p>Adem\u00e1s, asegur\u00f3, que nunca ha sido m\u00e1s necesario que ahora, la existencia de una pol\u00edtica social de gobierno, basada en la solidaridad, y Luis piensa en mejorar significativamente las condiciones socio-econ\u00f3micas de los m\u00e1s necesitados, para sacar definitivamente de la pobreza a miles de familias, dot\u00e1ndolos de medios de subsistencias en corto tiempo, con trabajos y acciones productivas dignas.<br><\/p>\n\n\n\n<p>Expres\u00f3, adem\u00e1s, que los planes de solidaridad se aprobar\u00e1n por ley en el congreso para que no est\u00e9n sujetos a manejos personales y clientelistas y en un marco institucional eficiente y transparente con supervisi\u00f3n de otros actores sociales.<br><\/p>\n\n\n\n<p>Atallah, expres\u00f3 que lamenta que el candidato peledeista se aproveche de las debilidades y las carencias materiales de la agente para en busca de aumentar su popularidad, esto se considera como un acto abusivo e inhumano.<br><\/p>\n\n\n\n<p>\u201cEl gran problema de la corrupci\u00f3n es m\u00faltiple, no es solo que hace ricos y poderosos a unos pocos, sino que tambi\u00e9n hace y deja pobres y dependientes, v\u00edctimas del clientelismo a muchos\u2026 a la mayor\u00eda\u201d se\u00f1al\u00f3<br><\/p>\n\n\n\n<p>El galeno, que adem\u00e1s se desempe\u00f1a como Miembro de la Comisi\u00f3n Pol\u00edtica Perreme\u00edsta, Secretario Nacional de Modernizaci\u00f3n del Partido Revolucionario Moderno, y miembro del gabinete de Luis Abinader, en otro orden indic\u00f3, que contin\u00faa trabajando incansablemente con su movimiento pol\u00edtico Victoria Electoral, encabezando junto a los compa\u00f1eros Fredy Fern\u00e1ndez, Director Ejecutivo; Mesac D\u00edaz subcoordinador nacional; y otros destacados dirigentes, una serie recorridos en todo el territorio nacional y han tenido contacto con la di\u00e1spora, con el objetivo de conformar los equipos de apoyo electoral que dar\u00e1n el triunfo en primera vuelta a Luis Abinader el pr\u00f3ximo 5 de julio.<br><\/p>\n","protected":false},"excerpt":{"rendered":"<p>El coordinador nacional del movimiento pol\u00edtico Victoria Electoral Luis Presidente 2020, V\u00edctor Atallah, afirm\u00f3 este viernes que en el gobierno que asegura encabezar\u00e1 Luis Abinader a partir del 16 de agosto del presente a\u00f1o, se relanzar\u00e1n los programas de ayudas sociales con la implementaci\u00f3n de la denominada tarjeta solidaridad \u201cLa doble\u201d, una iniciativa que busca [&hellip;]<\/p>\n","protected":false},"author":2,"featured_media":1096,"comment_status":"open","ping_status":"open","sticky":true,"template":"","format":"standard","meta":{"footnotes":""},"categories":[32,34],"tags":[],"class_list":{"0":"post-1095","1":"post","2":"type-post","3":"status-publish","4":"format-standard","5":"has-post-thumbnail","7":"category-actualidad","8":"category-politica"},"_links":{"self":[{"href":"https:\/\/elpueblo.com.do\/api-json\/wp\/v2\/posts\/1095","targetHints":{"allow":["GET"]}}],"collection":[{"href":"https:\/\/elpueblo.com.do\/api-json\/wp\/v2\/posts"}],"about":[{"href":"https:\/\/elpueblo.com.do\/api-json\/wp\/v2\/types\/post"}],"author":[{"embeddable":true,"href":"https:\/\/elpueblo.com.do\/api-json\/wp\/v2\/users\/2"}],"replies":[{"embeddable":true,"href":"https:\/\/elpueblo.com.do\/api-json\/wp\/v2\/comments?post=1095"}],"version-history":[{"count":0,"href":"https:\/\/elpueblo.com.do\/api-json\/wp\/v2\/posts\/1095\/revisions"}],"wp:featuredmedia":[{"embeddable":true,"href":"https:\/\/elpueblo.com.do\/api-json\/wp\/v2\/media\/1096"}],"wp:attachment":[{"href":"https:\/\/elpueblo.com.do\/api-json\/wp\/v2\/media?parent=1095"}],"wp:term":[{"taxonomy":"category","embeddable":true,"href":"https:\/\/elpueblo.com.do\/api-json\/wp\/v2\/categories?post=1095"},{"taxonomy":"post_tag","embeddable":true,"href":"https:\/\/elpueblo.com.do\/api-json\/wp\/v2\/tags?post=1095"}],"curies":[{"name":"wp","href":"https:\/\/api.w.org\/{rel}","templated":true}]}}