{"id":1088,"date":"2020-06-01T20:52:44","date_gmt":"2020-06-02T00:52:44","guid":{"rendered":"https:\/\/elpueblo.com.do\/?p=1088"},"modified":"2020-06-01T20:52:48","modified_gmt":"2020-06-02T00:52:48","slug":"raquel-pena-en-primeros-cien-dias-gobierno-encabezado-por-abinader-priorizara-la-generacion-de-empleos","status":"publish","type":"post","link":"https:\/\/elpueblo.com.do\/actualidad\/raquel-pena-en-primeros-cien-dias-gobierno-encabezado-por-abinader-priorizara-la-generacion-de-empleos\/1088\/","title":{"rendered":"Raquel Pe\u00f1a: en primeros cien d\u00edas gobierno encabezado por Abinader priorizar\u00e1 la generaci\u00f3n de empleos"},"content":{"rendered":"\n<p>Se fortalecer\u00e1n en las micros, medianas y peque\u00f1as empresas, conjuntamente con la reapertura del sector tur\u00edstico y zonas francas.<\/p>\n\n\n\n<p>La candidata a la vicepresidencia de la Rep\u00fablica por el Partido Revolucionario Moderno (PRM), Raquel Pe\u00f1a, afirm\u00f3 que la prioridad del gobierno encabezado por Luis Abinader a partir del 16 de agosto, consiste en la generaci\u00f3n de oportunidades ocupacionales que reduzcan significativamente la tasa de desempleo y la informalidad laboral.<\/p>\n\n\n\n<p>Pe\u00f1a, inform\u00f3 que el programa de gobierno elaborado por el equipo de trabajo del candidato perreme\u00edsta para la generaci\u00f3n de empleos, aspira a propiciar un ambiente saludable donde participen inversionistas locales y extranjeros, en coordinaci\u00f3n con el gobierno central, con el prop\u00f3sito de crear las condiciones favorables para la apertura de nuevas empresas y el fortalecimiento de las existentes.<\/p>\n\n\n\n<p>La acad\u00e9mica, plante\u00f3 que para que nuevos inversionistas puedan incorporarse en el mercado productivo nacional, es necesario propiciar, mediante la formulaci\u00f3n y ejecuci\u00f3n de pol\u00edticas p\u00fablicas, el contexto id\u00f3neo para reducir y eliminar algunas trabas burocr\u00e1ticas que obstaculizan el pronto establecimiento de nuevas empresas e industrias, y en consecuencia, la creaci\u00f3n de mano de obra bajo el esquema de la formalidad laboral.<\/p>\n\n\n\n<p>\u201cEn nuestros primeros cien d\u00edas nos ocuparemos de crear fuentes de trabajo mediante alianzas p\u00fablico-privadas; invertiremos en un programa de mejoras y construcci\u00f3n de infraestructuras p\u00fablicas y viviendas, para incentivar la movilidad del comercio y acelerar la econom\u00eda nacional\u201d dijo la compa\u00f1era de f\u00f3rmula de Abinader.<\/p>\n\n\n\n<p>Asimismo, asegur\u00f3 que se fortalecer\u00e1n las micros, medianas y peque\u00f1as empresas, conjuntamente con la reapertura del sector tur\u00edstico y las zonas francas, a trav\u00e9s de incentivos que les permitan operar a toda capacidad, as\u00ed como el desarrollo de una estrategia de apoyo financiero, asesoramiento t\u00e9cnico y la comercializaci\u00f3n de los productos del sector agropecuario, como una v\u00eda para creaci\u00f3n de plazas ocupacionales.<\/p>\n\n\n\n<p>El Gobierno del Cambio aspira a crear 600 mil empleos formales en un per\u00edodo de 4 a\u00f1os, a reducir la tasa de desempleo y a revertir la informalidad en el mercado de trabajo. Su plan de gobierno establece que le dar\u00e1n prioridad a los sectores productivos que generen empleos, divisas y est\u00e9n esparcidos en el territorio.<\/p>\n","protected":false},"excerpt":{"rendered":"<p>Se fortalecer\u00e1n en las micros, medianas y peque\u00f1as empresas, conjuntamente con la reapertura del sector tur\u00edstico y zonas francas. La candidata a la vicepresidencia de la Rep\u00fablica por el Partido Revolucionario Moderno (PRM), Raquel Pe\u00f1a, afirm\u00f3 que la prioridad del gobierno encabezado por Luis Abinader a partir del 16 de agosto, consiste en la generaci\u00f3n [&hellip;]<\/p>\n","protected":false},"author":2,"featured_media":1089,"comment_status":"open","ping_status":"open","sticky":true,"template":"","format":"standard","meta":{"footnotes":""},"categories":[32,41,34],"tags":[165,248],"class_list":{"0":"post-1088","1":"post","2":"type-post","3":"status-publish","4":"format-standard","5":"has-post-thumbnail","7":"category-actualidad","8":"category-economia","9":"category-politica","10":"tag-raquel-pena","11":"tag-vicepresidenta-raquel-pena"},"_links":{"self":[{"href":"https:\/\/elpueblo.com.do\/api-json\/wp\/v2\/posts\/1088","targetHints":{"allow":["GET"]}}],"collection":[{"href":"https:\/\/elpueblo.com.do\/api-json\/wp\/v2\/posts"}],"about":[{"href":"https:\/\/elpueblo.com.do\/api-json\/wp\/v2\/types\/post"}],"author":[{"embeddable":true,"href":"https:\/\/elpueblo.com.do\/api-json\/wp\/v2\/users\/2"}],"replies":[{"embeddable":true,"href":"https:\/\/elpueblo.com.do\/api-json\/wp\/v2\/comments?post=1088"}],"version-history":[{"count":0,"href":"https:\/\/elpueblo.com.do\/api-json\/wp\/v2\/posts\/1088\/revisions"}],"wp:featuredmedia":[{"embeddable":true,"href":"https:\/\/elpueblo.com.do\/api-json\/wp\/v2\/media\/1089"}],"wp:attachment":[{"href":"https:\/\/elpueblo.com.do\/api-json\/wp\/v2\/media?parent=1088"}],"wp:term":[{"taxonomy":"category","embeddable":true,"href":"https:\/\/elpueblo.com.do\/api-json\/wp\/v2\/categories?post=1088"},{"taxonomy":"post_tag","embeddable":true,"href":"https:\/\/elpueblo.com.do\/api-json\/wp\/v2\/tags?post=1088"}],"curies":[{"name":"wp","href":"https:\/\/api.w.org\/{rel}","templated":true}]}}