{"id":1081,"date":"2020-06-01T14:16:38","date_gmt":"2020-06-01T18:16:38","guid":{"rendered":"https:\/\/elpueblo.com.do\/?p=1081"},"modified":"2020-06-01T14:16:42","modified_gmt":"2020-06-01T18:16:42","slug":"el-candidato-a-senador-ivan-silva-celebra-el-dia-de-las-madres-por-todo-lo-alto","status":"publish","type":"post","link":"https:\/\/elpueblo.com.do\/actualidad\/el-candidato-a-senador-ivan-silva-celebra-el-dia-de-las-madres-por-todo-lo-alto\/1081\/","title":{"rendered":"El candidato a senador Iv\u00e1n Silva celebra el D\u00eda de las Madres por todo lo alto"},"content":{"rendered":"\n<p>La Romana- El candidato a senador por esta provincia, el doctor Iv\u00e1n Silva, por el Partido Revolucionario Moderno (PRM) celebr\u00f3 por todo lo alto el D\u00eda de las Madres dominicanas, entregando regalos por diferentes, sectores como: Villa hermosa, San Carlos, Caleta entre otros perteneciente a esta demarcaci\u00f3n.<\/p>\n\n\n\n<p>Con la finalidad de compartir y enviar un mensaje de esperanza a todas las madres, el futuro senador hizo entrega de neveras, lavadoras, estufas, abanicos, televisores y otros electrodom\u00e9sticos, una donaci\u00f3n catalogada como un trabajo con responsabilidad y esmero de parte del tambi\u00e9n cirujano podiatra a sus compueblanos.<img decoding=\"async\" width=\"150\" height=\"100\" class=\"wp-image-1083 lazyload\" style=\"--smush-placeholder-width: 150px; --smush-placeholder-aspect-ratio: 150\/100;width: 150px;\" data-src=\"https:\/\/elpueblo.com.do\/archivos\/2020\/06\/IMG-20200601-WA0002.jpg\" alt=\"\" data-srcset=\"https:\/\/elpueblo.com.do\/archivos\/2020\/06\/IMG-20200601-WA0002.jpg 1280w, https:\/\/elpueblo.com.do\/archivos\/2020\/06\/IMG-20200601-WA0002-300x200.jpg 300w, https:\/\/elpueblo.com.do\/archivos\/2020\/06\/IMG-20200601-WA0002-1024x682.jpg 1024w, https:\/\/elpueblo.com.do\/archivos\/2020\/06\/IMG-20200601-WA0002-768x512.jpg 768w, https:\/\/elpueblo.com.do\/archivos\/2020\/06\/IMG-20200601-WA0002-696x464.jpg 696w, https:\/\/elpueblo.com.do\/archivos\/2020\/06\/IMG-20200601-WA0002-1068x712.jpg 1068w, https:\/\/elpueblo.com.do\/archivos\/2020\/06\/IMG-20200601-WA0002-630x420.jpg 630w\" data-sizes=\"(max-width: 150px) 100vw, 150px\" src=\"data:image\/svg+xml;base64,PHN2ZyB3aWR0aD0iMSIgaGVpZ2h0PSIxIiB4bWxucz0iaHR0cDovL3d3dy53My5vcmcvMjAwMC9zdmciPjwvc3ZnPg==\" \/><\/p>\n\n\n\n<p>A pesar de la pandemia que afecta el pa\u00eds, el candidato no quiso dejar de celebrar el d\u00eda de ese ser tan especial que existe sobre la faz de la tierra. La entrega se hizo a trav\u00e9s del programa con \u201cMoreta al Mediod\u00eda\u201d desde el s\u00e1bado 30 v\u00eda rifas y finaliz\u00f3 el domingo 31 en los diferentes comandos de campa\u00f1a de Silva.<\/p>\n\n\n\n<p>Iv\u00e1n Silva estuvo acompa\u00f1ado de un equipo de hombres y mujeres que pertenecen a las filas del partido Revolucionario Moderno (PRM) durante la gran Rifa a las madres en el programa \u201cCon Moreta al Mediod\u00eda\u201d, donde el aspirante entreg\u00f3 m\u00e1s de 100 grandes premios y anunci\u00f3 la entrega de 350 regalos para ese ser tan importante en los diferentes comandos de campa\u00f1a el mismo agradeci\u00f3 a las las candidatas a diputadas, Jacqueline Fern\u00e1ndez, Nirza D\u00edaz as\u00ed como autoridades del PRM en la provincia de La Romana.<\/p>\n","protected":false},"excerpt":{"rendered":"<p>La Romana- El candidato a senador por esta provincia, el doctor Iv\u00e1n Silva, por el Partido Revolucionario Moderno (PRM) celebr\u00f3 por todo lo alto el D\u00eda de las Madres dominicanas, entregando regalos por diferentes, sectores como: Villa hermosa, San Carlos, Caleta entre otros perteneciente a esta demarcaci\u00f3n. Con la finalidad de compartir y enviar un [&hellip;]<\/p>\n","protected":false},"author":2,"featured_media":1082,"comment_status":"open","ping_status":"open","sticky":true,"template":"","format":"standard","meta":{"footnotes":""},"categories":[32,34],"tags":[245],"class_list":{"0":"post-1081","1":"post","2":"type-post","3":"status-publish","4":"format-standard","5":"has-post-thumbnail","7":"category-actualidad","8":"category-politica","9":"tag-ivan-silva-senador"},"_links":{"self":[{"href":"https:\/\/elpueblo.com.do\/api-json\/wp\/v2\/posts\/1081","targetHints":{"allow":["GET"]}}],"collection":[{"href":"https:\/\/elpueblo.com.do\/api-json\/wp\/v2\/posts"}],"about":[{"href":"https:\/\/elpueblo.com.do\/api-json\/wp\/v2\/types\/post"}],"author":[{"embeddable":true,"href":"https:\/\/elpueblo.com.do\/api-json\/wp\/v2\/users\/2"}],"replies":[{"embeddable":true,"href":"https:\/\/elpueblo.com.do\/api-json\/wp\/v2\/comments?post=1081"}],"version-history":[{"count":0,"href":"https:\/\/elpueblo.com.do\/api-json\/wp\/v2\/posts\/1081\/revisions"}],"wp:featuredmedia":[{"embeddable":true,"href":"https:\/\/elpueblo.com.do\/api-json\/wp\/v2\/media\/1082"}],"wp:attachment":[{"href":"https:\/\/elpueblo.com.do\/api-json\/wp\/v2\/media?parent=1081"}],"wp:term":[{"taxonomy":"category","embeddable":true,"href":"https:\/\/elpueblo.com.do\/api-json\/wp\/v2\/categories?post=1081"},{"taxonomy":"post_tag","embeddable":true,"href":"https:\/\/elpueblo.com.do\/api-json\/wp\/v2\/tags?post=1081"}],"curies":[{"name":"wp","href":"https:\/\/api.w.org\/{rel}","templated":true}]}}