{"id":1076,"date":"2020-06-01T14:09:07","date_gmt":"2020-06-01T18:09:07","guid":{"rendered":"https:\/\/elpueblo.com.do\/?p=1076"},"modified":"2020-06-01T14:09:11","modified_gmt":"2020-06-01T18:09:11","slug":"matos-afirma-tiene-compromiso-con-modificaciones-a-ley-de-envejeciente-y-ley-de-hidrocarburos","status":"publish","type":"post","link":"https:\/\/elpueblo.com.do\/actualidad\/matos-afirma-tiene-compromiso-con-modificaciones-a-ley-de-envejeciente-y-ley-de-hidrocarburos\/1076\/","title":{"rendered":"Matos afirma tiene compromiso con modificaciones a Ley de Envejeciente y Ley de Hidrocarburos"},"content":{"rendered":"\n<p>SANTO DOMINGO. &#8211;&nbsp;El\u00edas Matos, candidato a diputado de la circunscripci\u00f3n uno del Distrito Nacional por el Partido Revolucionario Moderno (PRM), asegur\u00f3 que tiene un compromiso en la agenda legislativo con las modificaciones de las leyes de Envejeciente y de Hidrocarburo.&nbsp;<\/p>\n\n\n\n<p>Al participar en el programa \u201cLa Cosa P\u00fablica\u201d, por Cachicha Tv, Matos dijo, que entre sus propuestas legislativas tiene el objetivo de presentar una modificaci\u00f3n a la Ley 352-98 sobre Protecci\u00f3n a la Persona Envejeciente, al indicar que la pandemia del coronavirus ha demostrado la vulnerabilidad en que est\u00e1 ese segmento de la poblaci\u00f3n, que&nbsp;en la actualidad se encuentra desamparada.&nbsp;<\/p>\n\n\n\n<p>Sobre la Ley 112-00 de Hidrocarburos, expres\u00f3 que se hace urgente revisar est\u00e1 normativa, ya que posee distorsiones que desfavorecen a todos los sectores de la vida nacional, especialmente en su m\u00e9todo de fijar los precios semanales.<\/p>\n\n\n\n<p>Dijo que est\u00e1 conscientes de que hay muchos intereses en mantener la Ley 112-00 como se maneja en la actualidad, pero como transportista no entiende c\u00f3mo un gal\u00f3n de gasolina est\u00e1 tan caro.<\/p>\n\n\n\n<p>Matos puso como ejemplo que, en enero del presente a\u00f1o, el precio de paridad de exportaci\u00f3n era de RD$104, pero el gal\u00f3n de combustible hab\u00eda que comprarlo a RD$2,23, a causa de una serie de impuestos que nadie se interesa en revisar.<\/p>\n\n\n\n<p>Asegur\u00f3 que, debido a todos esos impuestos, a los transportistas le est\u00e1 llegando muy alto el precio de los carburantes: \u201cLos transportistas no reciben ning\u00fan subsidio, por lo que en muchas de las operaciones se le transfiere a la poblaci\u00f3n por el alto costo.<\/p>\n\n\n\n<p>Asimismo, indic\u00f3 que tambi\u00e9n existen dos pesos que se le cobra por gal\u00f3n a todos los que consumen combustibles, pero el Gobierno dice que 50 centavos van para el sector transporte, supuestamente para la renovaci\u00f3n vehicular, pero nunca he visto estos fondos disponibles para los choferes que lo aportan.&nbsp;<\/p>\n\n\n\n<p>Se\u00f1al\u00f3 que el peso con 50 centavos para la mejor\u00eda de la infraestructura vial, sin embargo, se pagan miles de millones de pesos en peajes sombras, por lo que se hace necesario revisar la Ley 112-00.<\/p>\n\n\n\n<p>El\u00edas detall\u00f3 una serie de m\u00e1rgenes que inciden en la necesidad de revisar y modificar la ley 112-00 de Hidrocarburo.<\/p>\n\n\n\n<p>M\u00e9rito estudiantil<\/p>\n\n\n\n<p>Matos resalt\u00f3 que presentar\u00e1 ante la C\u00e1mara de Diputados el proyecto de ley sobre M\u00e9rito Estudiantil y otras propuestas que tienen que ver con la educaci\u00f3n cient\u00edfica desde el nivel Inicial en las escuelas p\u00fablicas del pa\u00eds.<\/p>\n\n\n\n<p>Expuso que incentivar a los estudiantes con buenas calificaciones servir\u00e1 de motivaci\u00f3n para los dem\u00e1s alumnos, a los fines de conseguir becas en diferentes \u00e1reas del conocimiento.&nbsp;<\/p>\n\n\n\n<p>Al ser abordado sobre la eliminaci\u00f3n del barrilito, expuso que esa decisi\u00f3n no depender\u00e1 de un candidato, sino de 190 legisladores que la mayor\u00eda tendr\u00e1 que ponerse de acuerdo sobre esa demanda de la sociedad.<\/p>\n\n\n\n<p>Matos, a su juicio, entiende que s\u00ed se pueden realizar programas sociales con la debida transparencia, sin tener que ser a trav\u00e9s de ning\u00fan barrilito ni de ninguna nominilla del Gobierno.<\/p>\n\n\n\n<p>Sobre estado de excepci\u00f3n<\/p>\n\n\n\n<p>El dirigente pol\u00edtico consider\u00f3 que no es necesario que el Congreso Nacional le otorgue una nueva pr\u00f3rroga&nbsp;al Poder Ejecutiva para mantener el estado de excepci\u00f3n.<\/p>\n\n\n\n<p>Matos argument\u00f3, en ese orden, que el Poder Ejecutivo puede tomar las medidas correspondientes sin tener que aprobar el estado de emergencia nacional, como lo ha hecho con el toque de queda.<\/p>\n\n\n\n<p>Dijo que el Gobierno puede establecer horarios en los comercios y empresas sin la necesidad de un cuarto estado de excepci\u00f3n.<\/p>\n\n\n\n<p>Sobre&nbsp;s\u00ed es el candidato de David Collado<\/p>\n\n\n\n<p>Al ser preguntado si es el candidato a diputado que apoya David Collado, el exregidor del Distrito Nacional manifest\u00f3 que es aspirante porque gan\u00f3 la posici\u00f3n en las primarias internas: \u201cYo soy un candidato del PRM\u201d.<\/p>\n\n\n\n<p>No obstante, El\u00edas Matos se defini\u00f3 como un amigo y seguidor del exalcalde David Collado: \u201cDavid para mi es un joven referente en la pol\u00edtica dominicana\u2026yo acabo de ser un fiscalizador de su gesti\u00f3n y fue un ejemplo en su administraci\u00f3n municipal, pues manejo con transparencia los fondos que administr\u00f3\u201d.<\/p>\n\n\n\n<p>Seguir\u00e1 con servicios a comunidades<\/p>\n\n\n\n<p>El\u00edas Matos asegur\u00f3 que continuar\u00e1 realizando los servicios sociales a las comunidades m\u00e1s despose\u00eddas de la circunscripci\u00f3n n\u00famero 1 del Distrito Nacional, porque conoce los problemas que padecen.<\/p>\n\n\n\n<p>Resalt\u00f3 que desde antes de ser un funcionario de la Alcald\u00eda del Distrito Nacional ten\u00eda a\u00f1os realizando jornadas de protecci\u00f3n sanitarias a favor de la poblaci\u00f3n de su demarcaci\u00f3n como fumigaci\u00f3n contra el dengue y la malaria, y ahora con la realidad del Covid-19.<\/p>\n\n\n\n<p>\u201cTengo un equipo que ha estado constantemente dando repuestas a las dificultades de nuestros sectores y desde el Ayuntamiento del Distrito Nacional logramos que se atendieran problemas de 15 y 20 a\u00f1os que ni ninguna de las pasadas autoridades resolvieron\u201d, concluy\u00f3 El\u00edas Matos.<\/p>\n","protected":false},"excerpt":{"rendered":"<p>SANTO DOMINGO. &#8211;&nbsp;El\u00edas Matos, candidato a diputado de la circunscripci\u00f3n uno del Distrito Nacional por el Partido Revolucionario Moderno (PRM), asegur\u00f3 que tiene un compromiso en la agenda legislativo con las modificaciones de las leyes de Envejeciente y de Hidrocarburo.&nbsp; Al participar en el programa \u201cLa Cosa P\u00fablica\u201d, por Cachicha Tv, Matos dijo, que entre [&hellip;]<\/p>\n","protected":false},"author":2,"featured_media":1077,"comment_status":"open","ping_status":"open","sticky":true,"template":"","format":"standard","meta":{"footnotes":""},"categories":[32,34],"tags":[241,242],"class_list":{"0":"post-1076","1":"post","2":"type-post","3":"status-publish","4":"format-standard","5":"has-post-thumbnail","7":"category-actualidad","8":"category-politica","9":"tag-elias-matos","10":"tag-elias-matos-diputado"},"_links":{"self":[{"href":"https:\/\/elpueblo.com.do\/api-json\/wp\/v2\/posts\/1076","targetHints":{"allow":["GET"]}}],"collection":[{"href":"https:\/\/elpueblo.com.do\/api-json\/wp\/v2\/posts"}],"about":[{"href":"https:\/\/elpueblo.com.do\/api-json\/wp\/v2\/types\/post"}],"author":[{"embeddable":true,"href":"https:\/\/elpueblo.com.do\/api-json\/wp\/v2\/users\/2"}],"replies":[{"embeddable":true,"href":"https:\/\/elpueblo.com.do\/api-json\/wp\/v2\/comments?post=1076"}],"version-history":[{"count":0,"href":"https:\/\/elpueblo.com.do\/api-json\/wp\/v2\/posts\/1076\/revisions"}],"wp:featuredmedia":[{"embeddable":true,"href":"https:\/\/elpueblo.com.do\/api-json\/wp\/v2\/media\/1077"}],"wp:attachment":[{"href":"https:\/\/elpueblo.com.do\/api-json\/wp\/v2\/media?parent=1076"}],"wp:term":[{"taxonomy":"category","embeddable":true,"href":"https:\/\/elpueblo.com.do\/api-json\/wp\/v2\/categories?post=1076"},{"taxonomy":"post_tag","embeddable":true,"href":"https:\/\/elpueblo.com.do\/api-json\/wp\/v2\/tags?post=1076"}],"curies":[{"name":"wp","href":"https:\/\/api.w.org\/{rel}","templated":true}]}}