{"id":1064,"date":"2020-05-27T14:25:35","date_gmt":"2020-05-27T18:25:35","guid":{"rendered":"https:\/\/elpueblo.com.do\/?p=1064"},"modified":"2020-05-27T14:25:39","modified_gmt":"2020-05-27T18:25:39","slug":"de-ultimo-minuto-danilo-medina-solicita-25-dias-mas-de-estado-de-emergencia","status":"publish","type":"post","link":"https:\/\/elpueblo.com.do\/actualidad\/politica\/de-ultimo-minuto-danilo-medina-solicita-25-dias-mas-de-estado-de-emergencia\/1064\/","title":{"rendered":"\u00abDe \u00faltimo minuto\u00bb Danilo Medina solicita 25 d\u00edas m\u00e1s de estado de emergencia"},"content":{"rendered":"\n<p>El Senado fue convocado para ma\u00f1ana a las 11:00 de la ma\u00f1ana<br>Actual estado de excepci\u00f3n vence este lunes primero de junio<\/p>\n\n\n\n<p>La solicitud fue sometida este mi\u00e9rcoles 27 de mayo por el Senado de la Rp\u00fablica.<\/p>\n\n\n\n<p>El presidente Danilo Medina solicit\u00f3 una cuarta extensi\u00f3n del&nbsp;estado de emergencia&nbsp;por 25 d\u00edas m\u00e1s a partir del martes dos de junio, ya que el actual estado de excepci\u00f3n por la pandemia del COVID-19 vences este lunes primero de junio.<\/p>\n\n\n\n<p>La solicitud del mandatario se produjo este mi\u00e9rcoles 27 de mayo en un carta enviada al presidente en funciones del Senado de la Rep\u00fablica, Ar\u00edstides Victoria Yeb, quien confirm\u00f3 la informaci\u00f3n a Diario Libre.<\/p>\n\n\n\n<p>Se recuerda que el estado de emergencia fue aprobado por primera vez a partir del 19 de marzo.<\/p>\n\n\n\n<p>La oposici\u00f3n, que domina en la C\u00e1mara de Diputados,&nbsp;ha manifestado que no aprobar\u00eda otra extensi\u00f3n.<\/p>\n\n\n\n<p>El pasado viernes 15 de mayo el Senado de la Rep\u00fablica aprob\u00f3 la pr\u00f3rroga por 15 d\u00edas del estado de emergencia, como fue modificado en la C\u00e1mara de Diputados el jueves 14, luego de que se aprobaran en el mismo Senado los 25 d\u00edas que solicit\u00f3 el presidente Danilo Medina.<\/p>\n\n\n\n<p>La tercera pr\u00f3rroga del estado de emergencia, que empez\u00f3 el 19 de marzo, se inici\u00f3 el lunes 18 de mayo y culmina el primero de junio.<\/p>\n\n\n\n<p>Fue aprobada en \u00fanica lectura de manera un\u00e1nime con 22 votos presentes, en una sesi\u00f3n de dos horas de duraci\u00f3n en la que volvieron los ataques pol\u00edticos entre el oficialismo y la oposici\u00f3n.<\/p>\n","protected":false},"excerpt":{"rendered":"<p>El Senado fue convocado para ma\u00f1ana a las 11:00 de la ma\u00f1anaActual estado de excepci\u00f3n vence este lunes primero de junio La solicitud fue sometida este mi\u00e9rcoles 27 de mayo por el Senado de la Rp\u00fablica. El presidente Danilo Medina solicit\u00f3 una cuarta extensi\u00f3n del&nbsp;estado de emergencia&nbsp;por 25 d\u00edas m\u00e1s a partir del martes dos [&hellip;]<\/p>\n","protected":false},"author":2,"featured_media":1065,"comment_status":"open","ping_status":"open","sticky":true,"template":"","format":"standard","meta":{"footnotes":""},"categories":[34,37],"tags":[],"class_list":{"0":"post-1064","1":"post","2":"type-post","3":"status-publish","4":"format-standard","5":"has-post-thumbnail","7":"category-politica","8":"category-salud"},"_links":{"self":[{"href":"https:\/\/elpueblo.com.do\/api-json\/wp\/v2\/posts\/1064","targetHints":{"allow":["GET"]}}],"collection":[{"href":"https:\/\/elpueblo.com.do\/api-json\/wp\/v2\/posts"}],"about":[{"href":"https:\/\/elpueblo.com.do\/api-json\/wp\/v2\/types\/post"}],"author":[{"embeddable":true,"href":"https:\/\/elpueblo.com.do\/api-json\/wp\/v2\/users\/2"}],"replies":[{"embeddable":true,"href":"https:\/\/elpueblo.com.do\/api-json\/wp\/v2\/comments?post=1064"}],"version-history":[{"count":0,"href":"https:\/\/elpueblo.com.do\/api-json\/wp\/v2\/posts\/1064\/revisions"}],"wp:featuredmedia":[{"embeddable":true,"href":"https:\/\/elpueblo.com.do\/api-json\/wp\/v2\/media\/1065"}],"wp:attachment":[{"href":"https:\/\/elpueblo.com.do\/api-json\/wp\/v2\/media?parent=1064"}],"wp:term":[{"taxonomy":"category","embeddable":true,"href":"https:\/\/elpueblo.com.do\/api-json\/wp\/v2\/categories?post=1064"},{"taxonomy":"post_tag","embeddable":true,"href":"https:\/\/elpueblo.com.do\/api-json\/wp\/v2\/tags?post=1064"}],"curies":[{"name":"wp","href":"https:\/\/api.w.org\/{rel}","templated":true}]}}