{"id":1056,"date":"2020-05-25T20:00:19","date_gmt":"2020-05-26T00:00:19","guid":{"rendered":"https:\/\/elpueblo.com.do\/?p=1056"},"modified":"2020-05-25T20:00:23","modified_gmt":"2020-05-26T00:00:23","slug":"reapertura-montalvo-informa-se-adelanto-apertura-de-comercios-en-centros-por-dia-de-las-madres","status":"publish","type":"post","link":"https:\/\/elpueblo.com.do\/actualidad\/reapertura-montalvo-informa-se-adelanto-apertura-de-comercios-en-centros-por-dia-de-las-madres\/1056\/","title":{"rendered":"\u00abREAPERTURA\u00bb Montalvo informa se adelant\u00f3 apertura de comercios en centros por D\u00eda de las Madres"},"content":{"rendered":"\n<p>Santo Domingo, RD<\/p>\n\n\n\n<p>El ministro de la Presidencia, Gustavo Montalvo, en nombre de la Comisi\u00f3n de Alto nivel designada para el manejo de los asuntos por el coronavirus, inform\u00f3 que se adelant\u00f3 la apertura de los comercios ubicados en centros comerciales por el D\u00eda de las Madres.<\/p>\n\n\n\n<p>\u201cEn nombre de la Comisi\u00f3n de Alto Nivel para la Prevenci\u00f3n y Control del Coronavirus aclaro que, desde este lunes, 25 de mayo, se ha autorizado la apertura de las tiendas de los centros comerciales, bajo el estricto cumplimiento de los protocolos generales y sectoriales\u201d, inform\u00f3 a trav\u00e9s de las redes sociales.<\/p>\n\n\n\n<p>Aunque este tipo de negocios estaban contemplados para otra fase de la desescalada, el Gobierno autoriz\u00f3 su reapertura para este lunes 25 de mayo.<\/p>\n\n\n\n<p>\u201cEsta decisi\u00f3n se tom\u00f3 con el prop\u00f3sito de facilitar las compras de regalos de cara al D\u00eda de las Madre, as\u00ed como tambi\u00e9n de otros art\u00edculos durante los d\u00edas de la semana y evitar as\u00ed un multitud de clientes los s\u00e1bados y domingos\u201d, explic\u00f3.<\/p>\n\n\n\n<p>No obstante, aclar\u00f3 que se mantienen cerradas las \u00e1reas de alimentos, juegos y establecimientos de recreaci\u00f3n para evitar posibles aglomeraciones de personas.<\/p>\n","protected":false},"excerpt":{"rendered":"<p>Santo Domingo, RD El ministro de la Presidencia, Gustavo Montalvo, en nombre de la Comisi\u00f3n de Alto nivel designada para el manejo de los asuntos por el coronavirus, inform\u00f3 que se adelant\u00f3 la apertura de los comercios ubicados en centros comerciales por el D\u00eda de las Madres. \u201cEn nombre de la Comisi\u00f3n de Alto Nivel [&hellip;]<\/p>\n","protected":false},"author":2,"featured_media":1057,"comment_status":"open","ping_status":"open","sticky":true,"template":"","format":"standard","meta":{"footnotes":""},"categories":[32,41],"tags":[235],"class_list":{"0":"post-1056","1":"post","2":"type-post","3":"status-publish","4":"format-standard","5":"has-post-thumbnail","7":"category-actualidad","8":"category-economia","9":"tag-reapertura-montalvo-informa-se-adelanto-apertura-de-comercios-en-centros-por-dia-de-las-madres"},"_links":{"self":[{"href":"https:\/\/elpueblo.com.do\/api-json\/wp\/v2\/posts\/1056","targetHints":{"allow":["GET"]}}],"collection":[{"href":"https:\/\/elpueblo.com.do\/api-json\/wp\/v2\/posts"}],"about":[{"href":"https:\/\/elpueblo.com.do\/api-json\/wp\/v2\/types\/post"}],"author":[{"embeddable":true,"href":"https:\/\/elpueblo.com.do\/api-json\/wp\/v2\/users\/2"}],"replies":[{"embeddable":true,"href":"https:\/\/elpueblo.com.do\/api-json\/wp\/v2\/comments?post=1056"}],"version-history":[{"count":0,"href":"https:\/\/elpueblo.com.do\/api-json\/wp\/v2\/posts\/1056\/revisions"}],"wp:featuredmedia":[{"embeddable":true,"href":"https:\/\/elpueblo.com.do\/api-json\/wp\/v2\/media\/1057"}],"wp:attachment":[{"href":"https:\/\/elpueblo.com.do\/api-json\/wp\/v2\/media?parent=1056"}],"wp:term":[{"taxonomy":"category","embeddable":true,"href":"https:\/\/elpueblo.com.do\/api-json\/wp\/v2\/categories?post=1056"},{"taxonomy":"post_tag","embeddable":true,"href":"https:\/\/elpueblo.com.do\/api-json\/wp\/v2\/tags?post=1056"}],"curies":[{"name":"wp","href":"https:\/\/api.w.org\/{rel}","templated":true}]}}