{"id":1024,"date":"2020-05-21T22:12:25","date_gmt":"2020-05-22T02:12:25","guid":{"rendered":"https:\/\/elpueblo.com.do\/?p=1024"},"modified":"2020-05-21T22:14:17","modified_gmt":"2020-05-22T02:14:17","slug":"diputado-domingo-de-leon-realiza-recorrido-por-los-alcarrizos-y-dona-mascarillas-a-los-municipes","status":"publish","type":"post","link":"https:\/\/elpueblo.com.do\/actualidad\/politica\/diputado-domingo-de-leon-realiza-recorrido-por-los-alcarrizos-y-dona-mascarillas-a-los-municipes\/1024\/","title":{"rendered":"Diputado Domingo de Le\u00f3n realiza recorrido por los Alcarrizos y dona  mascarillas a los municipes"},"content":{"rendered":"\n<p>Los Alcarrizos- El candidato diputado del Partido de la Liberaci\u00f3n Dominicana (PLD), Domingo Le\u00f3n , por la circunscripcion n\u00famero 5 de Los Alcarrizos, realiz\u00f3 una visita por el referido sector, donde don\u00f3 mascarillas para que sean distribuidas en los barrios a las personas que m\u00e1s lo necesitan a fin de prevenir la propagaci\u00f3n del covid-19.<\/p>\n\n\n\n<p>\u201cNos encontramos durante una pandemia y por ende, como pol\u00edticos debemos ser solidaridarios. Ya que la poblaci\u00f3n lo que est\u00e1 esperando de nosotros es nuestro apoyo.<img decoding=\"async\" width=\"150\" height=\"149\" class=\"wp-image-1026 lazyload\" style=\"--smush-placeholder-width: 150px; --smush-placeholder-aspect-ratio: 150\/149;width: 150px;\" data-src=\"https:\/\/elpueblo.com.do\/sources\/smush-webp\/2020\/05\/IMG-20200521-WA0091.jpg.webp\" alt=\"\" data-srcset=\"https:\/\/elpueblo.com.do\/sources\/smush-webp\/2020\/05\/IMG-20200521-WA0091.jpg.webp 731w, https:\/\/elpueblo.com.do\/sources\/smush-webp\/2020\/05\/IMG-20200521-WA0091-300x298.jpg.webp 300w, https:\/\/elpueblo.com.do\/sources\/smush-webp\/2020\/05\/IMG-20200521-WA0091-150x150.jpg.webp 150w, https:\/\/elpueblo.com.do\/sources\/smush-webp\/2020\/05\/IMG-20200521-WA0091-696x691.jpg.webp 696w, https:\/\/elpueblo.com.do\/sources\/smush-webp\/2020\/05\/IMG-20200521-WA0091-423x420.jpg.webp 423w\" data-sizes=\"(max-width: 150px) 100vw, 150px\" src=\"data:image\/svg+xml;base64,PHN2ZyB3aWR0aD0iMSIgaGVpZ2h0PSIxIiB4bWxucz0iaHR0cDovL3d3dy53My5vcmcvMjAwMC9zdmciPjwvc3ZnPg==\" data-smush-webp-fallback=\"{&quot;data-src&quot;:&quot;https:\\\/\\\/elpueblo.com.do\\\/wp-content\\\/uploads\\\/2020\\\/05\\\/IMG-20200521-WA0091.jpg&quot;,&quot;data-srcset&quot;:&quot;https:\\\/\\\/elpueblo.com.do\\\/wp-content\\\/uploads\\\/2020\\\/05\\\/IMG-20200521-WA0091.jpg 731w, https:\\\/\\\/elpueblo.com.do\\\/wp-content\\\/uploads\\\/2020\\\/05\\\/IMG-20200521-WA0091-300x298.jpg 300w, https:\\\/\\\/elpueblo.com.do\\\/wp-content\\\/uploads\\\/2020\\\/05\\\/IMG-20200521-WA0091-150x150.jpg 150w, https:\\\/\\\/elpueblo.com.do\\\/wp-content\\\/uploads\\\/2020\\\/05\\\/IMG-20200521-WA0091-696x691.jpg 696w, https:\\\/\\\/elpueblo.com.do\\\/wp-content\\\/uploads\\\/2020\\\/05\\\/IMG-20200521-WA0091-423x420.jpg 423w&quot;}\" \/><\/p>\n\n\n\n<p>Por eso todos los recursos que tenemos para la campa\u00f1a se est\u00e1n destinado a los mas necesitados\u201d indic\u00f3 De Le\u00f3n .<br>El actual diputado dijo manifest\u00f3 que adem\u00e1s de esta primera entrega de mascarillas, en los pr\u00f3ximos d\u00edas, seguira repartiendo otro cargamento de mascarillas por dicho sector.<\/p>\n\n\n\n<p>Varios j\u00f3venes que pertenecen a su equipo, tambi\u00e9n fueron responsables de la entrega entre ellos Deivy Santana, Eurys Mart\u00ednez, entre otros .<\/p>\n","protected":false},"excerpt":{"rendered":"<p>Los Alcarrizos- El candidato diputado del Partido de la Liberaci\u00f3n Dominicana (PLD), Domingo Le\u00f3n , por la circunscripcion n\u00famero 5 de Los Alcarrizos, realiz\u00f3 una visita por el referido sector, donde don\u00f3 mascarillas para que sean distribuidas en los barrios a las personas que m\u00e1s lo necesitan a fin de prevenir la propagaci\u00f3n del covid-19. [&hellip;]<\/p>\n","protected":false},"author":2,"featured_media":1025,"comment_status":"open","ping_status":"open","sticky":true,"template":"","format":"standard","meta":{"footnotes":""},"categories":[34,37],"tags":[],"class_list":{"0":"post-1024","1":"post","2":"type-post","3":"status-publish","4":"format-standard","5":"has-post-thumbnail","7":"category-politica","8":"category-salud"},"_links":{"self":[{"href":"https:\/\/elpueblo.com.do\/api-json\/wp\/v2\/posts\/1024","targetHints":{"allow":["GET"]}}],"collection":[{"href":"https:\/\/elpueblo.com.do\/api-json\/wp\/v2\/posts"}],"about":[{"href":"https:\/\/elpueblo.com.do\/api-json\/wp\/v2\/types\/post"}],"author":[{"embeddable":true,"href":"https:\/\/elpueblo.com.do\/api-json\/wp\/v2\/users\/2"}],"replies":[{"embeddable":true,"href":"https:\/\/elpueblo.com.do\/api-json\/wp\/v2\/comments?post=1024"}],"version-history":[{"count":0,"href":"https:\/\/elpueblo.com.do\/api-json\/wp\/v2\/posts\/1024\/revisions"}],"wp:featuredmedia":[{"embeddable":true,"href":"https:\/\/elpueblo.com.do\/api-json\/wp\/v2\/media\/1025"}],"wp:attachment":[{"href":"https:\/\/elpueblo.com.do\/api-json\/wp\/v2\/media?parent=1024"}],"wp:term":[{"taxonomy":"category","embeddable":true,"href":"https:\/\/elpueblo.com.do\/api-json\/wp\/v2\/categories?post=1024"},{"taxonomy":"post_tag","embeddable":true,"href":"https:\/\/elpueblo.com.do\/api-json\/wp\/v2\/tags?post=1024"}],"curies":[{"name":"wp","href":"https:\/\/api.w.org\/{rel}","templated":true}]}}