{"id":1021,"date":"2020-05-21T09:46:55","date_gmt":"2020-05-21T13:46:55","guid":{"rendered":"https:\/\/elpueblo.com.do\/?p=1021"},"modified":"2020-05-21T09:46:59","modified_gmt":"2020-05-21T13:46:59","slug":"el-comunicador-john-berry-realizara-un-programa-especial-dedicado-a-los-ninos","status":"publish","type":"post","link":"https:\/\/elpueblo.com.do\/actualidad\/el-comunicador-john-berry-realizara-un-programa-especial-dedicado-a-los-ninos\/1021\/","title":{"rendered":"El comunicador John Berry realizar\u00e1 un programa especial dedicado a los ni\u00f1os"},"content":{"rendered":"\n<p>Santo Domingo- El comunicador y candidato a diputado\u00a0 por el Partido Revolucionario Dominicano (PRD) el profesional de la comunicaci\u00f3n Juan Francisco Pe\u00f1a, mejor conocido como John Berry, el pr\u00f3ximo viernes 22 del mes en curso, dedicar\u00e1 la producci\u00f3n de sus programas a\u00a0 la ni\u00f1ez dominicana con un contenido especial.<\/p>\n\n\n\n<p><br>\u00abQueremos hacer un programa especial dedicado a nuestros ni\u00f1os, para ayudarles a entretenerse durante esta cuarentena por el coronavirus. Por lo que en nuestro programa Bajo la Lupa, estaremos realizando un concurso en la ma\u00f1ana del viernes a partir de las 7: 00 am por el canal 19\u00bb dijo John Berry,\u00a0 aspirante a diputado por la circunscripcion n\u00famero 1 del Distrito Nacional.<\/p>\n\n\n\n<p><br>Berry tambi\u00e9n explic\u00f3 , que durante la producci\u00f3n especial, los programas del Grupo DC estar\u00e1n realizando un concurso\u00a0 y regalar\u00e1n tres tabletas para los ni\u00f1os e invit\u00f3 a los padres a gabrar juntos a sus hijos un video donde pongan de manifiesto un mensaje de esperanza, amor, amistad y de fraternidad en tiempos del Covid-19.<\/p>\n\n\n\n<p><br>\u00abQueremos escuchar a nuestros peque\u00f1o\u00a0\u00a0 con un mensaje original y a la vez motivador para todos nosotros. La idea es que me env\u00eden el video v\u00eda whatssap al n\u00famero <a href=\"tel:8299070099\">829- 907 -0099<\/a>\u00bb agreg\u00f3 Jhon Berry qui\u00e9n finaliz\u00f3 diciendo que los ni\u00f1os y las ni\u00f1as son el futuro de la naci\u00f3n y por ende hay que apoyarlos.<\/p>\n","protected":false},"excerpt":{"rendered":"<p>Santo Domingo- El comunicador y candidato a diputado\u00a0 por el Partido Revolucionario Dominicano (PRD) el profesional de la comunicaci\u00f3n Juan Francisco Pe\u00f1a, mejor conocido como John Berry, el pr\u00f3ximo viernes 22 del mes en curso, dedicar\u00e1 la producci\u00f3n de sus programas a\u00a0 la ni\u00f1ez dominicana con un contenido especial. \u00abQueremos hacer un programa especial dedicado [&hellip;]<\/p>\n","protected":false},"author":2,"featured_media":1022,"comment_status":"open","ping_status":"open","sticky":true,"template":"","format":"standard","meta":{"footnotes":""},"categories":[32,34],"tags":[227],"class_list":{"0":"post-1021","1":"post","2":"type-post","3":"status-publish","4":"format-standard","5":"has-post-thumbnail","7":"category-actualidad","8":"category-politica","9":"tag-el-comunicador-john-berry-realizara-un-programa-especial-dedicado-a-los-ninos"},"_links":{"self":[{"href":"https:\/\/elpueblo.com.do\/api-json\/wp\/v2\/posts\/1021","targetHints":{"allow":["GET"]}}],"collection":[{"href":"https:\/\/elpueblo.com.do\/api-json\/wp\/v2\/posts"}],"about":[{"href":"https:\/\/elpueblo.com.do\/api-json\/wp\/v2\/types\/post"}],"author":[{"embeddable":true,"href":"https:\/\/elpueblo.com.do\/api-json\/wp\/v2\/users\/2"}],"replies":[{"embeddable":true,"href":"https:\/\/elpueblo.com.do\/api-json\/wp\/v2\/comments?post=1021"}],"version-history":[{"count":0,"href":"https:\/\/elpueblo.com.do\/api-json\/wp\/v2\/posts\/1021\/revisions"}],"wp:featuredmedia":[{"embeddable":true,"href":"https:\/\/elpueblo.com.do\/api-json\/wp\/v2\/media\/1022"}],"wp:attachment":[{"href":"https:\/\/elpueblo.com.do\/api-json\/wp\/v2\/media?parent=1021"}],"wp:term":[{"taxonomy":"category","embeddable":true,"href":"https:\/\/elpueblo.com.do\/api-json\/wp\/v2\/categories?post=1021"},{"taxonomy":"post_tag","embeddable":true,"href":"https:\/\/elpueblo.com.do\/api-json\/wp\/v2\/tags?post=1021"}],"curies":[{"name":"wp","href":"https:\/\/api.w.org\/{rel}","templated":true}]}}