{"id":1010,"date":"2020-05-18T17:19:28","date_gmt":"2020-05-18T21:19:28","guid":{"rendered":"https:\/\/elpueblo.com.do\/?p=1010"},"modified":"2020-05-19T09:36:35","modified_gmt":"2020-05-19T13:36:35","slug":"raquel-pena-el-4-para-la-educacion-se-convirtio-en-un-negocio-immobiliario","status":"publish","type":"post","link":"https:\/\/elpueblo.com.do\/actualidad\/politica\/raquel-pena-el-4-para-la-educacion-se-convirtio-en-un-negocio-immobiliario\/1010\/","title":{"rendered":"Raquel Pe\u00f1a: \u201cEl 4% para la educaci\u00f3n se convirti\u00f3 en un negocio immobiliario\u201d"},"content":{"rendered":"\n<p><strong>Dice que la propuesta es una muestra del fracaso de Rep\u00fablica Digital<\/strong><\/p>\n\n\n\n<p>Raquel Pe\u00f1a, candidata vicepresidencial por el Partido Revolucionario Moderno (PRM).<\/p>\n\n\n\n<p>La candidata vicepresidencial por el Partido Revolucionario Moderno (PRM), Raquel Pe\u00f1a, advirti\u00f3 que de aprobarse la propuesta anunciada por el Ministerio de Educaci\u00f3n de dar por terminado el a\u00f1o escolar con aproximadamente el 70% de los contenidos implementados, generar\u00e1 lagunas en los estudiantes que pudieran ser irrecuperables.<\/p>\n\n\n\n<p>Raquel Pe\u00f1a consider\u00f3 criminal que el ministro de Educaci\u00f3n, Antonio Pe\u00f1a Mirabal, planteara ante el Consejo Nacional de Educaci\u00f3n que se diera por terminado el actual a\u00f1o y que los contenidos que no se dieran este a\u00f1o se ense\u00f1en en el pr\u00f3ximo curso.<\/p>\n\n\n\n<p>\u201cEso generar\u00e1 lagunas irrecuperables para los estudiantes. \u00bfC\u00f3mo un ni\u00f1o de quinto que no haya visto la matem\u00e1tica completa, podr\u00e1 ver la matem\u00e1tica de sexto?\u201d, se cuestion\u00f3 Pe\u00f1a.<\/p>\n","protected":false},"excerpt":{"rendered":"<p>Dice que la propuesta es una muestra del fracaso de Rep\u00fablica Digital Raquel Pe\u00f1a, candidata vicepresidencial por el Partido Revolucionario Moderno (PRM). La candidata vicepresidencial por el Partido Revolucionario Moderno (PRM), Raquel Pe\u00f1a, advirti\u00f3 que de aprobarse la propuesta anunciada por el Ministerio de Educaci\u00f3n de dar por terminado el a\u00f1o escolar con aproximadamente el [&hellip;]<\/p>\n","protected":false},"author":2,"featured_media":1011,"comment_status":"open","ping_status":"open","sticky":true,"template":"","format":"standard","meta":{"footnotes":""},"categories":[34],"tags":[224],"class_list":{"0":"post-1010","1":"post","2":"type-post","3":"status-publish","4":"format-standard","5":"has-post-thumbnail","7":"category-politica","8":"tag-raquel-pena-el-4-para-la-educacion-se-convirtio-en-un-negocio-immobiliario"},"_links":{"self":[{"href":"https:\/\/elpueblo.com.do\/api-json\/wp\/v2\/posts\/1010","targetHints":{"allow":["GET"]}}],"collection":[{"href":"https:\/\/elpueblo.com.do\/api-json\/wp\/v2\/posts"}],"about":[{"href":"https:\/\/elpueblo.com.do\/api-json\/wp\/v2\/types\/post"}],"author":[{"embeddable":true,"href":"https:\/\/elpueblo.com.do\/api-json\/wp\/v2\/users\/2"}],"replies":[{"embeddable":true,"href":"https:\/\/elpueblo.com.do\/api-json\/wp\/v2\/comments?post=1010"}],"version-history":[{"count":0,"href":"https:\/\/elpueblo.com.do\/api-json\/wp\/v2\/posts\/1010\/revisions"}],"wp:featuredmedia":[{"embeddable":true,"href":"https:\/\/elpueblo.com.do\/api-json\/wp\/v2\/media\/1011"}],"wp:attachment":[{"href":"https:\/\/elpueblo.com.do\/api-json\/wp\/v2\/media?parent=1010"}],"wp:term":[{"taxonomy":"category","embeddable":true,"href":"https:\/\/elpueblo.com.do\/api-json\/wp\/v2\/categories?post=1010"},{"taxonomy":"post_tag","embeddable":true,"href":"https:\/\/elpueblo.com.do\/api-json\/wp\/v2\/tags?post=1010"}],"curies":[{"name":"wp","href":"https:\/\/api.w.org\/{rel}","templated":true}]}}