{"id":1007,"date":"2020-05-18T17:14:24","date_gmt":"2020-05-18T21:14:24","guid":{"rendered":"https:\/\/elpueblo.com.do\/?p=1007"},"modified":"2020-05-18T17:14:28","modified_gmt":"2020-05-18T21:14:28","slug":"ivan-silva-candidato-a-senador-por-el-prm-juramenta-nuevos-dirigentes-en-la-romana","status":"publish","type":"post","link":"https:\/\/elpueblo.com.do\/actualidad\/ivan-silva-candidato-a-senador-por-el-prm-juramenta-nuevos-dirigentes-en-la-romana\/1007\/","title":{"rendered":"IV\u00c1N SILVA, CANDIDATO A SENADOR POR EL PRM, JURAMENTA NUEVOS DIRIGENTES EN LA ROMANA"},"content":{"rendered":"\n<p><strong>La Romana, Rep. Dom-\u00a0<\/strong><\/p>\n\n\n\n<p><strong>El candidato a senador por esta provincia Iv\u00e1n Silva junto a los dirigentes pol\u00edticos Franklin Garc\u00eda Ferm\u00edn y Reynaldo Rinc\u00f3n Khoury juramentaron a nuevos adeptos en el PRM.<\/strong><\/p>\n\n\n\n<p>El acto de juramentaci\u00f3n fue encabezado por el vicepresidente a nivel nacional del Partido Revolucionario Moderno, Franklin Garc\u00eda Ferm\u00edn y el supervisor pol\u00edtico Reynaldo Rinc\u00f3n Khoury en dicha demarcaci\u00f3n.<\/p>\n\n\n\n<p>La misma fue realizada en el sector de Cucama, donde fue juramentado Bernardo Moya junto a su equipo pol\u00edtico del Partido Nacional Voluntad Ciudadana(PNVC).<\/p>\n\n\n\n<p>Los dirigentes recibieron con alegr\u00eda y entusiasmo a Bernardo Moya, qui\u00e9n pas\u00f3 a formar parte de la familia perremeista , para apoyar el proyecto del candidato a la presidencia Luis Abinader y de esa forma trabajar por la candidatura a senador de Iv\u00e1n Silva y los candidatos a cargos electivos del Partido Revolucionario Moderno.<\/p>\n","protected":false},"excerpt":{"rendered":"<p>La Romana, Rep. Dom-\u00a0 El candidato a senador por esta provincia Iv\u00e1n Silva junto a los dirigentes pol\u00edticos Franklin Garc\u00eda Ferm\u00edn y Reynaldo Rinc\u00f3n Khoury juramentaron a nuevos adeptos en el PRM. El acto de juramentaci\u00f3n fue encabezado por el vicepresidente a nivel nacional del Partido Revolucionario Moderno, Franklin Garc\u00eda Ferm\u00edn y el supervisor pol\u00edtico [&hellip;]<\/p>\n","protected":false},"author":2,"featured_media":1008,"comment_status":"open","ping_status":"open","sticky":true,"template":"","format":"standard","meta":{"footnotes":""},"categories":[32,34],"tags":[],"class_list":{"0":"post-1007","1":"post","2":"type-post","3":"status-publish","4":"format-standard","5":"has-post-thumbnail","7":"category-actualidad","8":"category-politica"},"_links":{"self":[{"href":"https:\/\/elpueblo.com.do\/api-json\/wp\/v2\/posts\/1007","targetHints":{"allow":["GET"]}}],"collection":[{"href":"https:\/\/elpueblo.com.do\/api-json\/wp\/v2\/posts"}],"about":[{"href":"https:\/\/elpueblo.com.do\/api-json\/wp\/v2\/types\/post"}],"author":[{"embeddable":true,"href":"https:\/\/elpueblo.com.do\/api-json\/wp\/v2\/users\/2"}],"replies":[{"embeddable":true,"href":"https:\/\/elpueblo.com.do\/api-json\/wp\/v2\/comments?post=1007"}],"version-history":[{"count":0,"href":"https:\/\/elpueblo.com.do\/api-json\/wp\/v2\/posts\/1007\/revisions"}],"wp:featuredmedia":[{"embeddable":true,"href":"https:\/\/elpueblo.com.do\/api-json\/wp\/v2\/media\/1008"}],"wp:attachment":[{"href":"https:\/\/elpueblo.com.do\/api-json\/wp\/v2\/media?parent=1007"}],"wp:term":[{"taxonomy":"category","embeddable":true,"href":"https:\/\/elpueblo.com.do\/api-json\/wp\/v2\/categories?post=1007"},{"taxonomy":"post_tag","embeddable":true,"href":"https:\/\/elpueblo.com.do\/api-json\/wp\/v2\/tags?post=1007"}],"curies":[{"name":"wp","href":"https:\/\/api.w.org\/{rel}","templated":true}]}}